{"id":108251,"date":"2023-09-20T11:52:15","date_gmt":"2023-09-20T14:52:15","guid":{"rendered":"https:\/\/www.actualidadadiario.com\/?p=108251"},"modified":"2023-09-20T11:52:15","modified_gmt":"2023-09-20T14:52:15","slug":"sergio-massa-estaria-este-sabado-en-concordia","status":"publish","type":"post","link":"https:\/\/www.actualidadadiario.com\/index.php\/2023\/09\/20\/sergio-massa-estaria-este-sabado-en-concordia\/","title":{"rendered":"Sergio Massa estar\u00eda este s\u00e1bado en Concordia"},"content":{"rendered":"<p style=\"text-align: center;\"><em><strong>De acuerdo a los datos confirmados, el actual ministro de Econom\u00eda de la Naci\u00f3n y candidato a presidente por el oficialismo, podr\u00eda estar visitando la costa del Uruguay en la ma\u00f1ana del s\u00e1bado<\/strong><\/em><\/p>\n<p>&nbsp;<\/p>\n<p>&nbsp;<\/p>\n<p>Para la agenda que a\u00fan est\u00e1 diagram\u00e1ndose, Massa estar\u00eda acompa\u00f1ado por el gobernador Gustavo Bordet y el actual candidato a sucederlo desde el frente Mas para Entre R\u00edos, Ad\u00e1n Bahl. Como as\u00ed tambi\u00e9n candidatos a presidentes de las ciudades de la costa del Uruguay.<\/p>\n<p>Adem\u00e1s de las actividades estrictamente proselitistas, entre las otras acciones que podr\u00edan formar parte del itinerario del candidato a presidente, figurar\u00eda la inauguraci\u00f3n de una nueva sede gremial en Concordia, para lo cual tambi\u00e9n estar\u00edan presentes dirigentes nacionales, que forman parte de la conducci\u00f3n de la CGT.<\/p>\n<p>La nueva visita a Entre R\u00edos, por parte del postulado de Uni\u00f3n por la Patria, se enmarca en una gira por distintas provincias que lo llevar\u00e1 tambi\u00e9n a Santiago del Estero, Santa Fe y Neuqu\u00e9n.<\/p>\n","protected":false},"excerpt":{"rendered":"<p>De acuerdo a los datos confirmados, el actual ministro de Econom\u00eda de la Naci\u00f3n y candidato a presidente por el oficialismo, podr\u00eda estar visitando la costa del Uruguay en la ma\u00f1ana del s\u00e1bado &nbsp; &nbsp; Para la agenda que a\u00fan est\u00e1 diagram\u00e1ndose, Massa estar\u00eda acompa\u00f1ado por el gobernador Gustavo Bordet y el actual candidato a sucederlo desde el frente Mas para Entre R\u00edos, Ad\u00e1n Bahl. Como as\u00ed tambi\u00e9n candidatos a presidentes de las ciudades de la costa del Uruguay. Adem\u00e1s de las actividades estrictamente proselitistas, entre las otras acciones que&#8230;<\/p>\n","protected":false},"author":3,"featured_media":108252,"comment_status":"closed","ping_status":"closed","sticky":false,"template":"","format":"standard","meta":[],"categories":[15],"tags":[],"_links":{"self":[{"href":"https:\/\/www.actualidadadiario.com\/index.php\/wp-json\/wp\/v2\/posts\/108251"}],"collection":[{"href":"https:\/\/www.actualidadadiario.com\/index.php\/wp-json\/wp\/v2\/posts"}],"about":[{"href":"https:\/\/www.actualidadadiario.com\/index.php\/wp-json\/wp\/v2\/types\/post"}],"author":[{"embeddable":true,"href":"https:\/\/www.actualidadadiario.com\/index.php\/wp-json\/wp\/v2\/users\/3"}],"replies":[{"embeddable":true,"href":"https:\/\/www.actualidadadiario.com\/index.php\/wp-json\/wp\/v2\/comments?post=108251"}],"version-history":[{"count":1,"href":"https:\/\/www.actualidadadiario.com\/index.php\/wp-json\/wp\/v2\/posts\/108251\/revisions"}],"predecessor-version":[{"id":108253,"href":"https:\/\/www.actualidadadiario.com\/index.php\/wp-json\/wp\/v2\/posts\/108251\/revisions\/108253"}],"wp:featuredmedia":[{"embeddable":true,"href":"https:\/\/www.actualidadadiario.com\/index.php\/wp-json\/wp\/v2\/media\/108252"}],"wp:attachment":[{"href":"https:\/\/www.actualidadadiario.com\/index.php\/wp-json\/wp\/v2\/media?parent=108251"}],"wp:term":[{"taxonomy":"category","embeddable":true,"href":"https:\/\/www.actualidadadiario.com\/index.php\/wp-json\/wp\/v2\/categories?post=108251"},{"taxonomy":"post_tag","embeddable":true,"href":"https:\/\/www.actualidadadiario.com\/index.php\/wp-json\/wp\/v2\/tags?post=108251"}],"curies":[{"name":"wp","href":"https:\/\/api.w.org\/{rel}","templated":true}]}}