{"id":108245,"date":"2023-09-20T11:47:43","date_gmt":"2023-09-20T14:47:43","guid":{"rendered":"https:\/\/www.actualidadadiario.com\/?p=108245"},"modified":"2023-09-20T11:47:43","modified_gmt":"2023-09-20T14:47:43","slug":"el-hospital-santa-rosa-avanza-en-la-digitalizacion-de-radiologia-y-mamografia","status":"publish","type":"post","link":"https:\/\/www.actualidadadiario.com\/index.php\/2023\/09\/20\/el-hospital-santa-rosa-avanza-en-la-digitalizacion-de-radiologia-y-mamografia\/","title":{"rendered":"El hospital Santa Rosa avanza en la digitalizaci\u00f3n de radiolog\u00eda y mamograf\u00eda"},"content":{"rendered":"<p style=\"text-align: center;\"><em><strong>En la jornada de este pasado martes, 19 de septiembre, comenz\u00f3 el relevamiento t\u00e9cnico para digitalizar el equipo de Rayos X y Mamograf\u00eda en el hospital Santa Rosa<\/strong><\/em><\/p>\n<p>&nbsp;<\/p>\n<p>&nbsp;<\/p>\n<p>Se trata de una inversi\u00f3n cercana a los 18 millones de pesos y el 11 de octubre se abrir\u00e1 la licitaci\u00f3n en el Ministerio de Salud.<\/p>\n<p>En ese marco, la directora del Hospital, Dra. Mar\u00eda Fernanda Lalosa, se mostr\u00f3 \u201cmuy contenta\u201d por la noticia ya que las \u201cgestiones comienzan a tener frutos\u201d.<\/p>\n<p>\u201cEsto es gesti\u00f3n, trabajo en equipo, golpear puertas e insistir\u201d, destac\u00f3.<\/p>\n<p>\u201cHace dos a\u00f1os, aproximadamente, hab\u00edamos iniciado un expediente para avanzar y modernizar nuestro Hospital, y ahora ya me confirmaron que el 11 de octubre se abre la licitaci\u00f3n en el Ministerio de Salud\u201d, explic\u00f3 Lalosa.<\/p>\n<p>\u201cEsto es avance y modernizaci\u00f3n de nuestro Hospital, para beneficiar al paciente y a los profesionales que van a poder tener el estudio de manera digital y se lo podremos enviar a trav\u00e9s de un link v\u00eda mail o WhatsApp\u201d, se\u00f1al\u00f3.<\/p>\n<p>Por \u00faltimo, agreg\u00f3 \u201cadem\u00e1s, estamos optimizando los recursos econ\u00f3micos porque, actualmente, estamos gastando cerca de 1 mill\u00f3n de pesos mensuales en insumos\u201d.<\/p>\n","protected":false},"excerpt":{"rendered":"<p>En la jornada de este pasado martes, 19 de septiembre, comenz\u00f3 el relevamiento t\u00e9cnico para digitalizar el equipo de Rayos X y Mamograf\u00eda en el hospital Santa Rosa &nbsp; &nbsp; Se trata de una inversi\u00f3n cercana a los 18 millones de pesos y el 11 de octubre se abrir\u00e1 la licitaci\u00f3n en el Ministerio de Salud. En ese marco, la directora del Hospital, Dra. Mar\u00eda Fernanda Lalosa, se mostr\u00f3 \u201cmuy contenta\u201d por la noticia ya que las \u201cgestiones comienzan a tener frutos\u201d. \u201cEsto es gesti\u00f3n, trabajo en equipo, golpear puertas&#8230;<\/p>\n","protected":false},"author":3,"featured_media":108246,"comment_status":"closed","ping_status":"closed","sticky":false,"template":"","format":"standard","meta":[],"categories":[15],"tags":[],"_links":{"self":[{"href":"https:\/\/www.actualidadadiario.com\/index.php\/wp-json\/wp\/v2\/posts\/108245"}],"collection":[{"href":"https:\/\/www.actualidadadiario.com\/index.php\/wp-json\/wp\/v2\/posts"}],"about":[{"href":"https:\/\/www.actualidadadiario.com\/index.php\/wp-json\/wp\/v2\/types\/post"}],"author":[{"embeddable":true,"href":"https:\/\/www.actualidadadiario.com\/index.php\/wp-json\/wp\/v2\/users\/3"}],"replies":[{"embeddable":true,"href":"https:\/\/www.actualidadadiario.com\/index.php\/wp-json\/wp\/v2\/comments?post=108245"}],"version-history":[{"count":1,"href":"https:\/\/www.actualidadadiario.com\/index.php\/wp-json\/wp\/v2\/posts\/108245\/revisions"}],"predecessor-version":[{"id":108247,"href":"https:\/\/www.actualidadadiario.com\/index.php\/wp-json\/wp\/v2\/posts\/108245\/revisions\/108247"}],"wp:featuredmedia":[{"embeddable":true,"href":"https:\/\/www.actualidadadiario.com\/index.php\/wp-json\/wp\/v2\/media\/108246"}],"wp:attachment":[{"href":"https:\/\/www.actualidadadiario.com\/index.php\/wp-json\/wp\/v2\/media?parent=108245"}],"wp:term":[{"taxonomy":"category","embeddable":true,"href":"https:\/\/www.actualidadadiario.com\/index.php\/wp-json\/wp\/v2\/categories?post=108245"},{"taxonomy":"post_tag","embeddable":true,"href":"https:\/\/www.actualidadadiario.com\/index.php\/wp-json\/wp\/v2\/tags?post=108245"}],"curies":[{"name":"wp","href":"https:\/\/api.w.org\/{rel}","templated":true}]}}