{"id":108242,"date":"2023-09-20T11:46:50","date_gmt":"2023-09-20T14:46:50","guid":{"rendered":"https:\/\/www.actualidadadiario.com\/?p=108242"},"modified":"2023-09-20T11:46:50","modified_gmt":"2023-09-20T14:46:50","slug":"la-provincia-homologo-acuerdos-con-los-gremios-docentes-que-garantizan-estabilidad-laboral","status":"publish","type":"post","link":"https:\/\/www.actualidadadiario.com\/index.php\/2023\/09\/20\/la-provincia-homologo-acuerdos-con-los-gremios-docentes-que-garantizan-estabilidad-laboral\/","title":{"rendered":"La provincia homolog\u00f3 acuerdos con los gremios docentes que garantizan estabilidad laboral"},"content":{"rendered":"<p style=\"text-align: center;\"><em><strong>El Consejo General de Educaci\u00f3n y los sindicatos docentes refrendaron en la Secretar\u00eda de Trabajo diferentes acuerdos paritarios previos que aseguran la estabilidad laboral y resguardan aspectos concursales para la docencia entrerriana<\/strong><\/em><\/p>\n<p>&nbsp;<\/p>\n<p>&nbsp;<\/p>\n<p>En el marco de la Comisi\u00f3n Negociadora de la Paritaria de Condiciones Laborales, autoridades del CGE y de los gremios Agmer, AMET, Sadop y UDA, homologaron este martes en la Secretar\u00eda de Trabajo varios acuerdos paritarios previos que garantizan la estabilidad laboral de las y los docentes de Entre R\u00edos, adem\u00e1s de resguardar diferentes aspectos concursales.<\/p>\n<p>Entre los acuerdos est\u00e1n la garant\u00eda laboral, salarial y el marco normativo de la Nueva Escuela Primaria y la ampliaci\u00f3n de la jornada escolar; el pr\u00f3ximo Concurso de Oposici\u00f3n para titularizar cargos directivos; los programas Oportunidades, de Educaci\u00f3n de J\u00f3venes y Adultos y Acontecer, de Educaci\u00f3n Secundaria y las titularizaciones de horas c\u00e1tedra y cargos en los diferentes niveles de la educaci\u00f3n realizados durante esta gesti\u00f3n.<\/p>\n<p>El presidente del CGE, Mart\u00edn M\u00fcller, celebr\u00f3 la instancia y sostuvo que &#8220;firmar estos acuerdos paritarios para nosotros es muy importante, porque ratifica la decisi\u00f3n pol\u00edtica de nuestro gobernador Gustavo Bordet de reconocer el trabajo docente a trav\u00e9s de estas garant\u00edas que hemos logrado en estos a\u00f1os&#8221;.<\/p>\n<p>&#8220;Estamos asegurando estos logros con fuerza de ley y su continuidad en el tiempo y eso es fruto, justamente, de tener un gobierno con lineamientos claros, que sabe hacia d\u00f3nde ir y de qu\u00e9 manera se reconoce en hechos la labor que realizan nuestros docentes cada d\u00eda en las escuelas&#8221;.<\/p>\n<p>A su turno, la secretaria adjunta de la Asociaci\u00f3n Gremial del Magisterio de Entre R\u00edos, Ana Delaloye, asegur\u00f3 que \u201cdesde nuestro lugar de los trabajadores y desde Agmer, este espacio fue muy valioso porque estuvimos trabajando en acuerdos que llevan estabilidad a nuestros compa\u00f1eros y garant\u00eda de derechos para los trabajadores y estudiantes de las escuelas del nivel inicial, primario, secundario y superior\u201d.<\/p>\n<p>\u201cSon acuerdos que venimos trabajando desde 2021, que representan la titularidad en el nivel secundario, que representan la totalidad de las escuelas primarias con la jornada extendida, que se refieren a los nuevos equipos de orientaci\u00f3n y tutor\u00eda para la nueva escuela secundaria, entre otros\u201d, sostuvo Delaloye.<\/p>\n<p>Asimismo, las partes acordaron continuar el trabajo conjunto en diferentes tem\u00e1ticas como la actualizaci\u00f3n de la norma concursal en la Educaci\u00f3n Superior; licencias; nomenclador de cargos docentes; condiciones laborales; titularizaci\u00f3n en todos los niveles y modalidades; estabilidad a docentes que se desempe\u00f1en en las funciones de referentes t\u00e9cnicos e incorporaci\u00f3n de un orientador sociocomunitario en la Educaci\u00f3n Secundaria.<\/p>\n<p>&nbsp;<\/p>\n<p><strong>Carrera docente<\/strong><\/p>\n<p>Respecto al Concurso de Antecedentes y Oposici\u00f3n, la vocal del CGE, Griselda Di Lello, explic\u00f3 que \u201cest\u00e1 basado en uno de los objetivos que planteamos en las 100 Propuestas para la Educaci\u00f3n Entrerriana, que es la jerarquizaci\u00f3n y la profesionalizaci\u00f3n docente a trav\u00e9s de un ciclo formativo que comenz\u00f3 en 2022 con cinco ejes y que termina con una instancia final que comprende la intervenci\u00f3n, el trabajo integrador y el coloquio final\u201d, y a\u00f1adi\u00f3 que \u201cest\u00e1 pensado para todos los niveles y modalidades y para cargos de director, vicedirector, rector y vicerrector\u201d.<\/p>\n<p>\u201cTenemos en la provincia 3600 aspirantes que est\u00e1n desarrollando la semana de intervenci\u00f3n. Es un trabajo que se hizo en esta gesti\u00f3n de forma participativa, colaborativa, junto a los gremios, en comisi\u00f3n, que llev\u00f3 una tarea ardua pero es el mejor reconocimiento que podemos hacerle a la docencia entrerriana\u201d, detall\u00f3 luego la funcionaria provincial<\/p>\n<p>&nbsp;<\/p>\n<p><strong>Presentes<\/strong><\/p>\n<p>Presidi\u00f3 la reuni\u00f3n el coordinador general de la Secretaria de Trabajo, Armando Ferrari.<\/p>\n<p>Adem\u00e1s de M\u00fcller, participaron en representaci\u00f3n del gobierno los vocales del Consejo General de Educaci\u00f3n, Humberto Javier Jos\u00e9, Griselda Di Lello, y Exequiel Coronoffo; el secretario y la prosecretaria generales, Pablo Vittor y Melina Romero, y las directoras de Educaci\u00f3n Primaria y Educaci\u00f3n Secundaria, Mabel Creolani y Laura Giles.<\/p>\n<p>En representaci\u00f3n de la Asociaci\u00f3n Gremial del Magisterio de Entre R\u00edos (Agmer), estuvieron presentes el secretario general, Marcelo Pagani; la secretaria adjunta, Ana Delaloye; la vocal del CGE en representaci\u00f3n de los trabajadores, Susana Cogno y miembros paritarios de condiciones laborales.<\/p>\n<p>Por la Asociaci\u00f3n del Magisterio de Ense\u00f1anza T\u00e9cnica (AMET), participaron el secretario adjunto, Carlos Varela y el secretario de Relaciones Gremiales, Fabi\u00e1n Monz\u00f3n.<\/p>\n<p>Por el Sindicato Argentino de Docentes Privados (Sadop), lo hizo la secretaria adjunta y administrativa de la seccional Entre R\u00edos, Alejandra Frank y por la Uni\u00f3n de Docentes Argentinos seccional Entre R\u00edos su secretaria general, Mirta Raya.<\/p>\n","protected":false},"excerpt":{"rendered":"<p>El Consejo General de Educaci\u00f3n y los sindicatos docentes refrendaron en la Secretar\u00eda de Trabajo diferentes acuerdos paritarios previos que aseguran la estabilidad laboral y resguardan aspectos concursales para la docencia entrerriana &nbsp; &nbsp; En el marco de la Comisi\u00f3n Negociadora de la Paritaria de Condiciones Laborales, autoridades del CGE y de los gremios Agmer, AMET, Sadop y UDA, homologaron este martes en la Secretar\u00eda de Trabajo varios acuerdos paritarios previos que garantizan la estabilidad laboral de las y los docentes de Entre R\u00edos, adem\u00e1s de resguardar diferentes aspectos concursales&#8230;.<\/p>\n","protected":false},"author":3,"featured_media":108243,"comment_status":"closed","ping_status":"closed","sticky":false,"template":"","format":"standard","meta":[],"categories":[15],"tags":[],"_links":{"self":[{"href":"https:\/\/www.actualidadadiario.com\/index.php\/wp-json\/wp\/v2\/posts\/108242"}],"collection":[{"href":"https:\/\/www.actualidadadiario.com\/index.php\/wp-json\/wp\/v2\/posts"}],"about":[{"href":"https:\/\/www.actualidadadiario.com\/index.php\/wp-json\/wp\/v2\/types\/post"}],"author":[{"embeddable":true,"href":"https:\/\/www.actualidadadiario.com\/index.php\/wp-json\/wp\/v2\/users\/3"}],"replies":[{"embeddable":true,"href":"https:\/\/www.actualidadadiario.com\/index.php\/wp-json\/wp\/v2\/comments?post=108242"}],"version-history":[{"count":1,"href":"https:\/\/www.actualidadadiario.com\/index.php\/wp-json\/wp\/v2\/posts\/108242\/revisions"}],"predecessor-version":[{"id":108244,"href":"https:\/\/www.actualidadadiario.com\/index.php\/wp-json\/wp\/v2\/posts\/108242\/revisions\/108244"}],"wp:featuredmedia":[{"embeddable":true,"href":"https:\/\/www.actualidadadiario.com\/index.php\/wp-json\/wp\/v2\/media\/108243"}],"wp:attachment":[{"href":"https:\/\/www.actualidadadiario.com\/index.php\/wp-json\/wp\/v2\/media?parent=108242"}],"wp:term":[{"taxonomy":"category","embeddable":true,"href":"https:\/\/www.actualidadadiario.com\/index.php\/wp-json\/wp\/v2\/categories?post=108242"},{"taxonomy":"post_tag","embeddable":true,"href":"https:\/\/www.actualidadadiario.com\/index.php\/wp-json\/wp\/v2\/tags?post=108242"}],"curies":[{"name":"wp","href":"https:\/\/api.w.org\/{rel}","templated":true}]}}