{"id":108238,"date":"2023-09-20T11:45:05","date_gmt":"2023-09-20T14:45:05","guid":{"rendered":"https:\/\/www.actualidadadiario.com\/?p=108238"},"modified":"2023-09-20T11:45:05","modified_gmt":"2023-09-20T14:45:05","slug":"ninos-y-ninas-de-10-anos-y-adolescentes-buscan-familia-3","status":"publish","type":"post","link":"https:\/\/www.actualidadadiario.com\/index.php\/2023\/09\/20\/ninos-y-ninas-de-10-anos-y-adolescentes-buscan-familia-3\/","title":{"rendered":"Ni\u00f1os y ni\u00f1as de 10 a\u00f1os y adolescentes buscan familia"},"content":{"rendered":"<p style=\"text-align: center;\"><em><strong>El Registro \u00danico de Aspirantes a Guarda con Fines Adoptivos de Entre R\u00edos (RUAER) convoca a personas residentes en el pa\u00eds para maternar-paternar a ni\u00f1os, ni\u00f1as y adolescentes de 10 a\u00f1os o m\u00e1s, que anhelan hace tiempo integrar una familia que pueda respetar su historia de vida. Las inscripciones est\u00e1n habilitadas hasta el domingo 24 de septiembre<\/strong><\/em><\/p>\n<p>&nbsp;<\/p>\n<p>&nbsp;<\/p>\n<p>Se requiere de personas con deseos y disponibilidad para la crianza y que les brinden un contexto familiar de apoyo y sost\u00e9n.<\/p>\n<p>Los\/as ni\u00f1os, ni\u00f1as y adolescentes, algunos\/as de los\/as cuales conforman grupos de hermanos\/as, se encuentran al cuidado y protecci\u00f3n del Estado, en distintas residencias socio educativas de\u00a0 Entre R\u00edos.<\/p>\n<p>Desde el RUAER, invitan a las personas que consideren que \u201cpodr\u00edan ser esa familia esperada; que\u00a0 cuenta con disponibilidad para viajar y\/o trasladarse a fin de asistir a talleres\/entrevistas para ser evaluados\/as \u201c a inscribirse en el siguiente formulario: https:\/\/forms.gle\/SxgVN4N99MJzZFkt8 hasta el 24 de septiembre 2023 inclusive.<\/p>\n<p>Las situaciones por las cuales se realiza la presente convocatoria pueden consultarse en el enlace: CONVOCATORIA P\u00daBLICA PARA NNA DE 10 A\u00d1OS O M\u00c1S &#8211; ENTRE R\u00cdOS<\/p>\n<p>https:\/\/docs.google.com\/document\/d\/1W39LtuNysw5n__yTzo_TGDe_hBiQEzjABq3n63UWkrg\/edit<\/p>\n<p>Por consultas, comunicarse con el RUAER al tel\u00e9fono 0343-4209575\/6, por wpp al +549343 5329475 -d\u00edas h\u00e1biles de 7 a 13 horas- y\/o enviando un correo electr\u00f3nico a ruaer@jusentrerios.gov.ar<\/p>\n","protected":false},"excerpt":{"rendered":"<p>El Registro \u00danico de Aspirantes a Guarda con Fines Adoptivos de Entre R\u00edos (RUAER) convoca a personas residentes en el pa\u00eds para maternar-paternar a ni\u00f1os, ni\u00f1as y adolescentes de 10 a\u00f1os o m\u00e1s, que anhelan hace tiempo integrar una familia que pueda respetar su historia de vida. Las inscripciones est\u00e1n habilitadas hasta el domingo 24 de septiembre &nbsp; &nbsp; Se requiere de personas con deseos y disponibilidad para la crianza y que les brinden un contexto familiar de apoyo y sost\u00e9n. Los\/as ni\u00f1os, ni\u00f1as y adolescentes, algunos\/as de los\/as cuales&#8230;<\/p>\n","protected":false},"author":3,"featured_media":105820,"comment_status":"closed","ping_status":"closed","sticky":false,"template":"","format":"standard","meta":[],"categories":[9],"tags":[],"_links":{"self":[{"href":"https:\/\/www.actualidadadiario.com\/index.php\/wp-json\/wp\/v2\/posts\/108238"}],"collection":[{"href":"https:\/\/www.actualidadadiario.com\/index.php\/wp-json\/wp\/v2\/posts"}],"about":[{"href":"https:\/\/www.actualidadadiario.com\/index.php\/wp-json\/wp\/v2\/types\/post"}],"author":[{"embeddable":true,"href":"https:\/\/www.actualidadadiario.com\/index.php\/wp-json\/wp\/v2\/users\/3"}],"replies":[{"embeddable":true,"href":"https:\/\/www.actualidadadiario.com\/index.php\/wp-json\/wp\/v2\/comments?post=108238"}],"version-history":[{"count":1,"href":"https:\/\/www.actualidadadiario.com\/index.php\/wp-json\/wp\/v2\/posts\/108238\/revisions"}],"predecessor-version":[{"id":108239,"href":"https:\/\/www.actualidadadiario.com\/index.php\/wp-json\/wp\/v2\/posts\/108238\/revisions\/108239"}],"wp:featuredmedia":[{"embeddable":true,"href":"https:\/\/www.actualidadadiario.com\/index.php\/wp-json\/wp\/v2\/media\/105820"}],"wp:attachment":[{"href":"https:\/\/www.actualidadadiario.com\/index.php\/wp-json\/wp\/v2\/media?parent=108238"}],"wp:term":[{"taxonomy":"category","embeddable":true,"href":"https:\/\/www.actualidadadiario.com\/index.php\/wp-json\/wp\/v2\/categories?post=108238"},{"taxonomy":"post_tag","embeddable":true,"href":"https:\/\/www.actualidadadiario.com\/index.php\/wp-json\/wp\/v2\/tags?post=108238"}],"curies":[{"name":"wp","href":"https:\/\/api.w.org\/{rel}","templated":true}]}}