{"id":108236,"date":"2023-09-19T13:21:23","date_gmt":"2023-09-19T16:21:23","guid":{"rendered":"https:\/\/www.actualidadadiario.com\/?p=108236"},"modified":"2023-09-19T13:21:23","modified_gmt":"2023-09-19T16:21:23","slug":"el-gobierno-creo-la-unidad-antimafia-de-la-policia-federal","status":"publish","type":"post","link":"https:\/\/www.actualidadadiario.com\/index.php\/2023\/09\/19\/el-gobierno-creo-la-unidad-antimafia-de-la-policia-federal\/","title":{"rendered":"El Gobierno cre\u00f3 la Unidad Antimafia de la Polic\u00eda Federal"},"content":{"rendered":"<p style=\"text-align: center;\"><em><strong>Participaron del encuentro el ministro de Seguridad, An\u00edbal Fern\u00e1ndez; el jefe de la Polic\u00eda Federal, Juan Carlos Hern\u00e1ndez; el embajador de Italia, Fabrizio\u00a0 Lucentini; y el Procurador General de la Naci\u00f3n, Eduardo Casal<\/strong><\/em><\/p>\n<p>&nbsp;<\/p>\n<p>&nbsp;<\/p>\n<p>En un hecho hist\u00f3rico sin precedentes se desarroll\u00f3 en el Departamento Central de Polic\u00eda el \u201clanzamiento de la Unidad Antimafia de la Polic\u00eda Federal Argentina\u201d.<\/p>\n<p>Participaron del encuentro el ministro de Seguridad de la Naci\u00f3n, An\u00edbal Fern\u00e1ndez, el Jefe de la Polic\u00eda Federal Argentina Comisario General Juan Carlos Hern\u00e1ndez, el Subjefe de la Instituci\u00f3n Osvaldo Rub\u00e9n Mato, el embajador de Italia en nuestro pa\u00eds, Fabrizio\u00a0 Lucentini y\u00a0 el\u00a0 Procurador General de la Naci\u00f3n, Eduardo Casal.<\/p>\n<p>Asimismo se cont\u00f3 con la presencia del Jefe de la Direcci\u00f3n Antimafia Italiana General Renzo Nisi, junto con todo su equipo de trabajo para lanzar en conjunto la Primera Unidad Antimafia fuera de la Rep\u00fablica Italiana para luchar contra este flagelo delictivo que est\u00e1 profundiz\u00e1ndose en toda Am\u00e9rica del Sur.<\/p>\n<p>Durante todo el encuentro sobrevol\u00f3 una frase del juez italiano Giovanni Falcone (que fue asesinado por la Cosa Nostra en 1992, al igual que su colega Paolo Borsellino) : &#8220;Los hombres pasan, las ideas quedan y continuar\u00e1n caminando sobre las piernas de otros hombres&#8221;.<\/p>\n<p>El primero que tom\u00f3 la palabra fue el comisario Hern\u00e1ndez, que manifest\u00f3 que &#8220;es un momento de suma alegr\u00eda porque este acuerdo es un gran desaf\u00edo para la Argentina e Italia. La lucha contra la mafia es un fen\u00f3meno investigativo que no es com\u00fan. Los primeros resultados que tuvimos fueron a los tres meses del acuerdo. El Departamento Antimafia est\u00e1 en la Divisi\u00f3n Delitos Complejos de la Polic\u00eda Federal&#8221;.<\/p>\n<p>A continuaci\u00f3n, el embajador italiano en nuestro pa\u00eds cit\u00f3 la frase del ex juez Falcone y puso de relieve que &#8220;ahora estas piernas son ustedes&#8221;, lo que motiv\u00f3 un cerrado aplauso de la abigarrada sala.<\/p>\n<p>&#8220;La ayuda de cooperaci\u00f3n logr\u00f3 much\u00edsimos resultados y estamos pr\u00f3ximos a entablar un memorandum entre el ministerio del Interior de Italia y el ministerio de Seguridad argentino para seguir combatiendo a las mafias&#8221;, complet\u00f3.<\/p>\n<p>Por su parte, el Procurador General de la Naci\u00f3n dijo: &#8220;felicito por esta iniciativa porque es un hito muy importante. La cooperaci\u00f3n y coordinaci\u00f3n interna e internacional para combatir el crimen organizado. Avanzar en la prevenci\u00f3n, persecuci\u00f3n y sanci\u00f3n, sobre todo en el aspecto econ\u00f3mico. El delito no debe rendir sus frutos. Debemos defender los valores fundamentales de la gente decente, los valores republicanos de la libertad, la igualdad y la solidaridad. Celebramos esta iniciativa que venimos desarrollando en este objetivo&#8221;.<\/p>\n<p>El ministro Anibal Fern\u00e1ndez cerr\u00f3 el encuentro. &#8220;Esto que celebramos hoy era un objetivo de cuando nos hicimos cargo en esta segunda etapa. Tenemos que invertir en este tipo de lucha porque el material humano lo tenemos. Los resultados logrados son mi satisfacci\u00f3n&#8221;.<\/p>\n<p>&#8220;Los jueces italianos se metieron con las manos en el barro y pudieron llegar a procesar a cientos de delincuentes en los 80. Los asesinatos de los jueces en 1992 conmocionaron a Italia y provocaron una ley antimafia muy estricta. En este caso convertimos a la Federal en un cuerpo con mucha m\u00e1s tarea investigativa&#8221;, indic\u00f3 el funcionario.<\/p>\n<p>Fern\u00e1ndez tambi\u00e9n coment\u00f3 que &#8220;en 2021 una orden interna del jefe de la Federal crea el departamento Antimafia, que cuenta con detectives especializados. De esta manera somos el \u00fanico pa\u00eds en la regi\u00f3n que tiene una Unidad Antimafia&#8221;.<\/p>\n<p>&nbsp;<\/p>\n<p><strong>Las muertes de Falcone y Borsellino en 1992<\/strong><\/p>\n<p>En el a\u00f1o 1992, los jueces italianos Giovanni Falcone y Paolo Borsellino fueron asesinados con atentados en Sicilia por sicarios de la Cosa Nostra.<\/p>\n<p>Fue un cruento golpe para el Estado que combat\u00eda el crimen organizado, pero tambi\u00e9n para la mafia siciliana al salir devastada por la ola de rechazo generada.<\/p>\n<p>El 23 de mayo de 1992 una potente explosi\u00f3n arranc\u00f3 un tramo de la carretera que conduce al aeropuerto de Palermo. Murieron el juez antimafia Giovanni Falcone junto con la esposa y tres miembros de su escolta. Una carga de 500 kilos de TNT y nitrato de amonio fue colocada en una tuber\u00eda de agua que discurre bajo la carretera que une el aeropuerto con el centro de la capital siciliana.<\/p>\n<p>En el kil\u00f3metro 4, cerca al desv\u00edo que conduce a la localidad de Capaci, qued\u00f3 un cr\u00e1ter de un metro de profundidad. La bomba pulveriz\u00f3 el coche que iba adelante y lo lanz\u00f3 a varios cientos de metros. Los tres polic\u00edas a bordo murieron.<\/p>\n<p>En el otro autom\u00f3vil, un Fiat Croma blanco blindado, el juez Falcone, que conduc\u00eda, y su esposa Francesca Morvillo, quedaron heridos de muerte. El conductor, Giuseppe Costanza, que iba sentado en la parte trasera, sobrevivi\u00f3, al igual que los tres agentes que viajaban en el coche de atr\u00e1s.<\/p>\n<p>Todas las miradas se volvieron entonces hacia Paolo Borsellino, considerado su &#8220;hermano siam\u00e9s&#8221;, porque eran dos nombres que iban siempre de la mano, por haber sido los fiscales del mayor juicio celebrado hasta entonces contra la mafia.<\/p>\n<p>Pero el 19 de julio, 57 d\u00edas despu\u00e9s de la muerte de su amigo Giovanni, Paolo Borsellino muri\u00f3 en un atentado con bomba junto con cinco miembros de su escolta. S\u00f3lo su conductor sobrevivi\u00f3<\/p>\n","protected":false},"excerpt":{"rendered":"<p>Participaron del encuentro el ministro de Seguridad, An\u00edbal Fern\u00e1ndez; el jefe de la Polic\u00eda Federal, Juan Carlos Hern\u00e1ndez; el embajador de Italia, Fabrizio\u00a0 Lucentini; y el Procurador General de la Naci\u00f3n, Eduardo Casal &nbsp; &nbsp; En un hecho hist\u00f3rico sin precedentes se desarroll\u00f3 en el Departamento Central de Polic\u00eda el \u201clanzamiento de la Unidad Antimafia de la Polic\u00eda Federal Argentina\u201d. Participaron del encuentro el ministro de Seguridad de la Naci\u00f3n, An\u00edbal Fern\u00e1ndez, el Jefe de la Polic\u00eda Federal Argentina Comisario General Juan Carlos Hern\u00e1ndez, el Subjefe de la Instituci\u00f3n Osvaldo&#8230;<\/p>\n","protected":false},"author":3,"featured_media":92196,"comment_status":"closed","ping_status":"closed","sticky":false,"template":"","format":"standard","meta":[],"categories":[18],"tags":[],"_links":{"self":[{"href":"https:\/\/www.actualidadadiario.com\/index.php\/wp-json\/wp\/v2\/posts\/108236"}],"collection":[{"href":"https:\/\/www.actualidadadiario.com\/index.php\/wp-json\/wp\/v2\/posts"}],"about":[{"href":"https:\/\/www.actualidadadiario.com\/index.php\/wp-json\/wp\/v2\/types\/post"}],"author":[{"embeddable":true,"href":"https:\/\/www.actualidadadiario.com\/index.php\/wp-json\/wp\/v2\/users\/3"}],"replies":[{"embeddable":true,"href":"https:\/\/www.actualidadadiario.com\/index.php\/wp-json\/wp\/v2\/comments?post=108236"}],"version-history":[{"count":1,"href":"https:\/\/www.actualidadadiario.com\/index.php\/wp-json\/wp\/v2\/posts\/108236\/revisions"}],"predecessor-version":[{"id":108237,"href":"https:\/\/www.actualidadadiario.com\/index.php\/wp-json\/wp\/v2\/posts\/108236\/revisions\/108237"}],"wp:featuredmedia":[{"embeddable":true,"href":"https:\/\/www.actualidadadiario.com\/index.php\/wp-json\/wp\/v2\/media\/92196"}],"wp:attachment":[{"href":"https:\/\/www.actualidadadiario.com\/index.php\/wp-json\/wp\/v2\/media?parent=108236"}],"wp:term":[{"taxonomy":"category","embeddable":true,"href":"https:\/\/www.actualidadadiario.com\/index.php\/wp-json\/wp\/v2\/categories?post=108236"},{"taxonomy":"post_tag","embeddable":true,"href":"https:\/\/www.actualidadadiario.com\/index.php\/wp-json\/wp\/v2\/tags?post=108236"}],"curies":[{"name":"wp","href":"https:\/\/api.w.org\/{rel}","templated":true}]}}