{"id":108232,"date":"2023-09-19T13:14:22","date_gmt":"2023-09-19T16:14:22","guid":{"rendered":"https:\/\/www.actualidadadiario.com\/?p=108232"},"modified":"2023-09-19T13:14:22","modified_gmt":"2023-09-19T16:14:22","slug":"cristina-kirchner-reaparece-en-publico-para-presentar-la-reedicion-de-un-libro","status":"publish","type":"post","link":"https:\/\/www.actualidadadiario.com\/index.php\/2023\/09\/19\/cristina-kirchner-reaparece-en-publico-para-presentar-la-reedicion-de-un-libro\/","title":{"rendered":"Cristina Kirchner reaparece en p\u00fablico para presentar la reedici\u00f3n de un libro"},"content":{"rendered":"<p style=\"text-align: center;\"><em><strong>La vicepresidenta participar\u00e1 del relanzamiento de una obra que tiene a N\u00e9stor Kirchner como protagonista. Brindar\u00e1 una charla titulada &#8220;De castas, herencias, derrumbes y futuro&#8221;<\/strong><\/em><\/p>\n<p>&nbsp;<\/p>\n<p>&nbsp;<\/p>\n<p>En medio de la ebullici\u00f3n electoral rumbo al 22 de octubre y tras un prolongado silencio, Cristina Fern\u00e1ndez de Kirchner reaparecer\u00e1 en p\u00fablico el pr\u00f3ximo s\u00e1bado para presidir la reedici\u00f3n de un libro que tiene a N\u00e9stor Kirchner como uno de sus protagonistas.<\/p>\n<p>La vicepresidenta desembarcar\u00e1 en el Auditorio de la Universidad Metropolitana para la Educaci\u00f3n y el Trabajo (UMET) para brindar la charla &#8220;De castas, herencias, derrumbes y futuro&#8221; junto al conductor y militante Pedro Rosemblat.<\/p>\n<p>El evento servir\u00e1, adem\u00e1s, para presentar la reedici\u00f3n de &#8220;Despu\u00e9s del derrumbe, conversaciones de Torcuato Di Tella y N\u00e9stor Kirchner&#8221;.<\/p>\n<p>Se trata de una iniciativa de la Escuela Justicialista N\u00e9stor Kirchner, que &#8220;considera que esta obra registra el intercambio entre nuestro expresidente y el intelectual argentino previo a las elecciones presidenciales del a\u00f1o 2003&#8221;.<\/p>\n<p>&#8220;En las p\u00e1ginas de la publicaci\u00f3n reeditada a 20 a\u00f1os de su salida a la calle, se encuentra un diagn\u00f3stico a dos voces de la coyuntura nacional y mundial al comienzo de nuestro siglo&#8221;, explicaron desde la organizaci\u00f3n.<\/p>\n<p>Asimismo, afirmaron que &#8220;a dos d\u00e9cadas de la primera edici\u00f3n de la publicaci\u00f3n original, encontramos en sus p\u00e1ginas la reelaboraci\u00f3n del ideario peronista realizada ya en ese momento por N\u00e9stor Kirchner&#8221;.<\/p>\n<p>Tambi\u00e9n destacaron que la obra incluye &#8220;una aguda interpretaci\u00f3n del tiempo hist\u00f3rico que precedi\u00f3 a su llegada al Poder Ejecutivo nacional en lo que ser\u00eda uno de los ciclos m\u00e1s exitosos en la historia de nuestro pa\u00eds&#8221;.<\/p>\n<p>&nbsp;<\/p>\n<p><strong>Cu\u00e1ndo fue la \u00faltima vez que Cristina habl\u00f3 en p\u00fablico<\/strong><\/p>\n<p>La expresidenta no habla en p\u00fablico desde el 17 de agosto pasado, cuando comparti\u00f3 un acto con Sergio Massa y el presidente de Aerol\u00edneas Argentinas, Pablo Ceriani, para conmemorar los 15 a\u00f1os de la estatizaci\u00f3n de esa empresa.<\/p>\n<p>Desde entonces, Cristina se dedic\u00f3 a su labor legislativa y apenas s\u00ed se hicieron p\u00fablicas algunas actividades privadas, como su reuni\u00f3n con el intendente de La Matanza, Fernando Espinoza, en la previa de las Primarias Abiertas, Simult\u00e1neas y Obligatorias (PASO).<\/p>\n<p>Actualmente, la centralidad pol\u00edtica dentro de Uni\u00f3n por la Patria (UP) no la ocupan ni la vicepresidenta ni Alberto Fern\u00e1ndez, sino el candidato presidencial y ministro de Econom\u00eda.<\/p>\n","protected":false},"excerpt":{"rendered":"<p>La vicepresidenta participar\u00e1 del relanzamiento de una obra que tiene a N\u00e9stor Kirchner como protagonista. Brindar\u00e1 una charla titulada &#8220;De castas, herencias, derrumbes y futuro&#8221; &nbsp; &nbsp; En medio de la ebullici\u00f3n electoral rumbo al 22 de octubre y tras un prolongado silencio, Cristina Fern\u00e1ndez de Kirchner reaparecer\u00e1 en p\u00fablico el pr\u00f3ximo s\u00e1bado para presidir la reedici\u00f3n de un libro que tiene a N\u00e9stor Kirchner como uno de sus protagonistas. La vicepresidenta desembarcar\u00e1 en el Auditorio de la Universidad Metropolitana para la Educaci\u00f3n y el Trabajo (UMET) para brindar la&#8230;<\/p>\n","protected":false},"author":3,"featured_media":108233,"comment_status":"closed","ping_status":"closed","sticky":false,"template":"","format":"standard","meta":[],"categories":[18],"tags":[],"_links":{"self":[{"href":"https:\/\/www.actualidadadiario.com\/index.php\/wp-json\/wp\/v2\/posts\/108232"}],"collection":[{"href":"https:\/\/www.actualidadadiario.com\/index.php\/wp-json\/wp\/v2\/posts"}],"about":[{"href":"https:\/\/www.actualidadadiario.com\/index.php\/wp-json\/wp\/v2\/types\/post"}],"author":[{"embeddable":true,"href":"https:\/\/www.actualidadadiario.com\/index.php\/wp-json\/wp\/v2\/users\/3"}],"replies":[{"embeddable":true,"href":"https:\/\/www.actualidadadiario.com\/index.php\/wp-json\/wp\/v2\/comments?post=108232"}],"version-history":[{"count":1,"href":"https:\/\/www.actualidadadiario.com\/index.php\/wp-json\/wp\/v2\/posts\/108232\/revisions"}],"predecessor-version":[{"id":108234,"href":"https:\/\/www.actualidadadiario.com\/index.php\/wp-json\/wp\/v2\/posts\/108232\/revisions\/108234"}],"wp:featuredmedia":[{"embeddable":true,"href":"https:\/\/www.actualidadadiario.com\/index.php\/wp-json\/wp\/v2\/media\/108233"}],"wp:attachment":[{"href":"https:\/\/www.actualidadadiario.com\/index.php\/wp-json\/wp\/v2\/media?parent=108232"}],"wp:term":[{"taxonomy":"category","embeddable":true,"href":"https:\/\/www.actualidadadiario.com\/index.php\/wp-json\/wp\/v2\/categories?post=108232"},{"taxonomy":"post_tag","embeddable":true,"href":"https:\/\/www.actualidadadiario.com\/index.php\/wp-json\/wp\/v2\/tags?post=108232"}],"curies":[{"name":"wp","href":"https:\/\/api.w.org\/{rel}","templated":true}]}}