{"id":108229,"date":"2023-09-19T13:09:14","date_gmt":"2023-09-19T16:09:14","guid":{"rendered":"https:\/\/www.actualidadadiario.com\/?p=108229"},"modified":"2023-09-19T13:09:14","modified_gmt":"2023-09-19T16:09:14","slug":"alberto-fernandez-brindara-su-ultimo-discurso-ante-la-asamblea-general-de-la-onu","status":"publish","type":"post","link":"https:\/\/www.actualidadadiario.com\/index.php\/2023\/09\/19\/alberto-fernandez-brindara-su-ultimo-discurso-ante-la-asamblea-general-de-la-onu\/","title":{"rendered":"Alberto Fern\u00e1ndez brindar\u00e1 su \u00faltimo discurso ante la Asamblea General de la ONU"},"content":{"rendered":"<p style=\"text-align: center;\"><em><strong>El mandatario asistir\u00e1 a la Apertura del Debate General, donde expondr\u00e1n el Secretario General, Ant\u00f3nio Guterres, el Presidente de los Estados Unidos, Joseph Biden, y el de Brasil, Luiz In\u00e1cio Lula da Silva, entre otros<\/strong><\/em><\/p>\n<p>&nbsp;<\/p>\n<p>&nbsp;<\/p>\n<p>El presidente Alberto Fern\u00e1ndez contin\u00faa hoy con su agenda oficial en el marco de la 78\u00ba Asamblea General de Naciones Unidas (ONU), que se lleva adelante en la ciudad de Nueva York, en Estados Unidos.<\/p>\n<p>El mandatario asistir\u00e1 a la Apertura del Debate General, donde expondr\u00e1n el Secretario General, Ant\u00f3nio Guterres, el Presidente de los Estados Unidos, Joseph Biden, y el de Brasil, Luiz In\u00e1cio Lula da Silva, entre otros.<\/p>\n<p>Luego, a las 16, asistir\u00e1 al evento Towards a Fair International Financial Architecture y, a partir de las 17, realizar\u00e1 su intervenci\u00f3n en la sesi\u00f3n del Debate General de la 78\u00b0 Asamblea General de Naciones Unidas.<\/p>\n<p>Por la noche, el jefe de Estado participar\u00e1 de la recepci\u00f3n ofrecida por su par de los Estados Unidos a los mandatarios y mandatarias que participan del nuevo periodo de sesiones del principal \u00f3rgano deliberativo de la ONU, en el Museo Metropolitano de Arte de Nueva York.<\/p>\n<p>&nbsp;<\/p>\n<p><strong>Reuni\u00f3n con el secretario General de la ONU, Ant\u00f3nio Guterres<\/strong><\/p>\n<p>El presidente Alberto Fern\u00e1ndez mantuvo en la ciudad de Nueva York una reuni\u00f3n con el secretario general de la Organizaci\u00f3n de las Naciones Unidas (ONU), Ant\u00f3nio Guterres, con quien dialog\u00f3 sobre los desaf\u00edos a nivel global y regional.<\/p>\n<p>En este marco el jefe de Estado, reiter\u00f3 el inter\u00e9s de la Argentina en la misi\u00f3n de buenos oficios para reanudar las negociaciones para encontrar una soluci\u00f3n pac\u00edfica a la disputa de soberan\u00eda con el Reino Unido sobre la cuesti\u00f3n de las Islas Malvinas. Guterres se comprometi\u00f3 en reclamar a Gran Breta\u00f1a que cumpla con las resoluciones de la ONU.<\/p>\n<p>Durante la reuni\u00f3n, el Presidente tambi\u00e9n plante\u00f3 la necesidad de repensar la arquitectura financiera internacional, con foco en los sobrecargos de intereses, y el Secretario General remarc\u00f3 que el organismo est\u00e1 preparando una resoluci\u00f3n en la materia.<\/p>\n<p>&nbsp;<\/p>\n<p><strong>Con la diputada de los Estados Unidos Alexandria Ocasio-Cortez<\/strong><\/p>\n<p>El presidente Alberto Fern\u00e1ndez mantuvo una reuni\u00f3n con la diputada Alexandria Ocasio-Cortez, integrante de la C\u00e1mara de Representantes de los Estados Unidos por el distrito de Nueva York, a ra\u00edz de su denuncia sobre corrupci\u00f3n en la causa del magnate Paul Singer y los fondos buitres contra Argentina.<\/p>\n<p>Durante el encuentro, que se realiz\u00f3 en la sede del Consulado argentino en Nueva York, la diputada le realiz\u00f3 un pormenorizado detalle de la investigaci\u00f3n que est\u00e1 llevando adelante y que revel\u00f3 el viernes pasado en una sesi\u00f3n del Congreso estadounidense.<\/p>\n<p>La congresista dem\u00f3crata denunci\u00f3 presuntos sobornos por parte de Paul Singer, titular del fondo buitre NML, al magistrado Samuel Alito, integrante de la Corte Suprema de EEUU, quien luego fall\u00f3 a favor del magnate en el juicio de los fondos buitre contra Argentina.<\/p>\n<p>En este sentido, el mandatario argentino coincidi\u00f3 en la preocupaci\u00f3n por el accionar de algunos integrantes de la justicia, brind\u00f3 su apoyo a la denuncia de la diputada y se comprometi\u00f3 a analizar de qu\u00e9 manera avanzar con la investigaci\u00f3n.<\/p>\n","protected":false},"excerpt":{"rendered":"<p>El mandatario asistir\u00e1 a la Apertura del Debate General, donde expondr\u00e1n el Secretario General, Ant\u00f3nio Guterres, el Presidente de los Estados Unidos, Joseph Biden, y el de Brasil, Luiz In\u00e1cio Lula da Silva, entre otros &nbsp; &nbsp; El presidente Alberto Fern\u00e1ndez contin\u00faa hoy con su agenda oficial en el marco de la 78\u00ba Asamblea General de Naciones Unidas (ONU), que se lleva adelante en la ciudad de Nueva York, en Estados Unidos. El mandatario asistir\u00e1 a la Apertura del Debate General, donde expondr\u00e1n el Secretario General, Ant\u00f3nio Guterres, el Presidente&#8230;<\/p>\n","protected":false},"author":3,"featured_media":108230,"comment_status":"closed","ping_status":"closed","sticky":false,"template":"","format":"standard","meta":[],"categories":[18],"tags":[],"_links":{"self":[{"href":"https:\/\/www.actualidadadiario.com\/index.php\/wp-json\/wp\/v2\/posts\/108229"}],"collection":[{"href":"https:\/\/www.actualidadadiario.com\/index.php\/wp-json\/wp\/v2\/posts"}],"about":[{"href":"https:\/\/www.actualidadadiario.com\/index.php\/wp-json\/wp\/v2\/types\/post"}],"author":[{"embeddable":true,"href":"https:\/\/www.actualidadadiario.com\/index.php\/wp-json\/wp\/v2\/users\/3"}],"replies":[{"embeddable":true,"href":"https:\/\/www.actualidadadiario.com\/index.php\/wp-json\/wp\/v2\/comments?post=108229"}],"version-history":[{"count":1,"href":"https:\/\/www.actualidadadiario.com\/index.php\/wp-json\/wp\/v2\/posts\/108229\/revisions"}],"predecessor-version":[{"id":108231,"href":"https:\/\/www.actualidadadiario.com\/index.php\/wp-json\/wp\/v2\/posts\/108229\/revisions\/108231"}],"wp:featuredmedia":[{"embeddable":true,"href":"https:\/\/www.actualidadadiario.com\/index.php\/wp-json\/wp\/v2\/media\/108230"}],"wp:attachment":[{"href":"https:\/\/www.actualidadadiario.com\/index.php\/wp-json\/wp\/v2\/media?parent=108229"}],"wp:term":[{"taxonomy":"category","embeddable":true,"href":"https:\/\/www.actualidadadiario.com\/index.php\/wp-json\/wp\/v2\/categories?post=108229"},{"taxonomy":"post_tag","embeddable":true,"href":"https:\/\/www.actualidadadiario.com\/index.php\/wp-json\/wp\/v2\/tags?post=108229"}],"curies":[{"name":"wp","href":"https:\/\/api.w.org\/{rel}","templated":true}]}}