{"id":108226,"date":"2023-09-19T13:07:33","date_gmt":"2023-09-19T16:07:33","guid":{"rendered":"https:\/\/www.actualidadadiario.com\/?p=108226"},"modified":"2023-09-19T13:07:33","modified_gmt":"2023-09-19T16:07:33","slug":"senado-el-debate-de-alquileres-entro-en-pausa","status":"publish","type":"post","link":"https:\/\/www.actualidadadiario.com\/index.php\/2023\/09\/19\/senado-el-debate-de-alquileres-entro-en-pausa\/","title":{"rendered":"Senado: El debate de Alquileres entr\u00f3 en pausa"},"content":{"rendered":"<p style=\"text-align: center;\"><em><strong>El esperado debate en el Senado por Alquileres finalmente qued\u00f3 en suspenso. El FdT confiaba en realizar la sesi\u00f3n esta semana con un n\u00famero apretado y acuerdo de senadores aliados pero una baja de dos legisladoras por razones de salud dej\u00f3 todo en pausa al menos por una semana<\/strong><\/em><\/p>\n<p>&nbsp;<\/p>\n<p>&nbsp;<\/p>\n<p>Luego de haber acordado un dictamen com\u00fan con bloques provinciales, el oficialismo se entusiasmaba con el n\u00famero para introducir cambios en la reforma que viene con media sanci\u00f3n de Diputados y hab\u00eda sido cuestionada por las asociaciones inquilinas. En ese contexto, la bancada del FdT entusiasmada tambi\u00e9n planeaba debatir m\u00e1s de 70 pliegos judiciales, entre los que podr\u00eda estar el de Ana Mar\u00eda Figueroa, la magistrada desplazada por la Corte Suprema mientras su pliego a\u00fan estaba en discusi\u00f3n en el Senado.<\/p>\n<p>La bancada liderada por Jos\u00e9 Mayans pretend\u00eda convocar a una sesi\u00f3n este jueves e incluir, adem\u00e1s, las iniciativas que hab\u00edan formado parte del temario de la sesi\u00f3n que se cay\u00f3 hace un mes: los pliegos judiciales, la Ley de Atenci\u00f3n a personas gestantes y el Tratamiento de pubertad precoz. En aquella ocasi\u00f3n, el faltazo del juje\u00f1o Guillermo Snopek y el entrerriano Edgardo Kueider -ambos exoficialistas y ahora de Unidad Federal- y la ausencia del rionegrino Alberto Weretilneck, hicieron caer el debate en la que el oficialismo no lleg\u00f3 a los 37 senadores para el qu\u00f3rum. Esta vez, aseguran, las condiciones son distintas.<\/p>\n","protected":false},"excerpt":{"rendered":"<p>El esperado debate en el Senado por Alquileres finalmente qued\u00f3 en suspenso. El FdT confiaba en realizar la sesi\u00f3n esta semana con un n\u00famero apretado y acuerdo de senadores aliados pero una baja de dos legisladoras por razones de salud dej\u00f3 todo en pausa al menos por una semana &nbsp; &nbsp; Luego de haber acordado un dictamen com\u00fan con bloques provinciales, el oficialismo se entusiasmaba con el n\u00famero para introducir cambios en la reforma que viene con media sanci\u00f3n de Diputados y hab\u00eda sido cuestionada por las asociaciones inquilinas. En&#8230;<\/p>\n","protected":false},"author":3,"featured_media":108227,"comment_status":"closed","ping_status":"closed","sticky":false,"template":"","format":"standard","meta":[],"categories":[18],"tags":[],"_links":{"self":[{"href":"https:\/\/www.actualidadadiario.com\/index.php\/wp-json\/wp\/v2\/posts\/108226"}],"collection":[{"href":"https:\/\/www.actualidadadiario.com\/index.php\/wp-json\/wp\/v2\/posts"}],"about":[{"href":"https:\/\/www.actualidadadiario.com\/index.php\/wp-json\/wp\/v2\/types\/post"}],"author":[{"embeddable":true,"href":"https:\/\/www.actualidadadiario.com\/index.php\/wp-json\/wp\/v2\/users\/3"}],"replies":[{"embeddable":true,"href":"https:\/\/www.actualidadadiario.com\/index.php\/wp-json\/wp\/v2\/comments?post=108226"}],"version-history":[{"count":1,"href":"https:\/\/www.actualidadadiario.com\/index.php\/wp-json\/wp\/v2\/posts\/108226\/revisions"}],"predecessor-version":[{"id":108228,"href":"https:\/\/www.actualidadadiario.com\/index.php\/wp-json\/wp\/v2\/posts\/108226\/revisions\/108228"}],"wp:featuredmedia":[{"embeddable":true,"href":"https:\/\/www.actualidadadiario.com\/index.php\/wp-json\/wp\/v2\/media\/108227"}],"wp:attachment":[{"href":"https:\/\/www.actualidadadiario.com\/index.php\/wp-json\/wp\/v2\/media?parent=108226"}],"wp:term":[{"taxonomy":"category","embeddable":true,"href":"https:\/\/www.actualidadadiario.com\/index.php\/wp-json\/wp\/v2\/categories?post=108226"},{"taxonomy":"post_tag","embeddable":true,"href":"https:\/\/www.actualidadadiario.com\/index.php\/wp-json\/wp\/v2\/tags?post=108226"}],"curies":[{"name":"wp","href":"https:\/\/api.w.org\/{rel}","templated":true}]}}