{"id":108221,"date":"2023-09-19T13:05:44","date_gmt":"2023-09-19T16:05:44","guid":{"rendered":"https:\/\/www.actualidadadiario.com\/?p=108221"},"modified":"2023-09-19T13:15:04","modified_gmt":"2023-09-19T16:15:04","slug":"tras-el-dictamen-de-mayoria-diputados-debate-la-reforma-del-impuesto-a-las-ganancias","status":"publish","type":"post","link":"https:\/\/www.actualidadadiario.com\/index.php\/2023\/09\/19\/tras-el-dictamen-de-mayoria-diputados-debate-la-reforma-del-impuesto-a-las-ganancias\/","title":{"rendered":"Tras el dictamen de mayor\u00eda, Diputados debate la reforma del Impuesto a las Ganancias"},"content":{"rendered":"<p style=\"text-align: center;\"><em><strong>El oficialismo consigui\u00f3 reunir el n\u00famero necesario para realizar la sesi\u00f3n con el respaldo de la izquierda y de diputados provinciales, ya que JxC anticip\u00f3 que no acompa\u00f1ar\u00e1. Tambi\u00e9n se tratar\u00e1 el programa Empleo Mipyme y la creaci\u00f3n de cinco universidades nacionales<\/strong><\/em><\/p>\n<p>&nbsp;<\/p>\n<p>&nbsp;<\/p>\n<p>La C\u00e1mara de Diputados tratar\u00e1 este martes en una sesi\u00f3n especial el proyecto de ley de reforma al impuesto a las Ganancias elaborado por el Poder Ejecutivo, que el lunes obtuvo dictamen de mayor\u00eda en la comisi\u00f3n de Presupuesto y Hacienda.<\/p>\n<p>La iniciativa establece que se elimina la cuarta categor\u00eda del gravamen y se crea en reemplazo un impuesto cedular que fija que s\u00f3lo pagar\u00e1n el tributo los altos ingresos superiores a 15 sueldos m\u00ednimos mensuales, que hoy representan m\u00e1s de $ 1.770.000.<\/p>\n<p>El dictamen mayoritario cosech\u00f3 25 firmas, ya que cont\u00f3 con el respaldo de 24 legisladores del Frente de Todos (FdT) y uno del Frente de la Concordia Misionero, sobre un total de 49 legisladores que conforman ese organismo asesor del cuerpo legislativo.<\/p>\n<p>Juntos por el Cambio (JxC) rechaz\u00f3 el proyecto y present\u00f3 un dictamen de minor\u00eda con 12 firmas, y algunos de sus miembros no descartan pedir que esta iniciativa se trate junto con el Presupuesto 2024.<\/p>\n<p>El oficialismo cuenta con n\u00famero para obtener el qu\u00f3rum reglamentario de 129 miembros para debatir, en la sesi\u00f3n especial que comenzar\u00e1 a las 13, la iniciativa con sus 118 integrantes, cuatro de izquierda, cuatro de partidos provinciales y tres legisladores peronistas del interbloque federal, con lo cual ya tiene garantizada la presencia de 129 legisladores.<\/p>\n<p>Tambi\u00e9n se sumar\u00e1n los diputados y gobernadores electos de Santa Cruz, Claudio Vidal, y de Neuqu\u00e9n, Rolando Figueroa, provincias en las que se encuentran los principales emprendimientos petroleros, con trabajadores que pagan el impuesto a las Ganancias.<\/p>\n<p>Adem\u00e1s, puede sancionar el proyecto que se votar\u00e1 con mayor\u00eda simple ya que cuenta con 117 votos propios -la presidenta del cuerpo Cecilia Moreau no vota- 4 provinciales, 4 de izquierda, tres federales, Ser y MPN.<\/p>\n<p>&nbsp;<\/p>\n<p><strong>Los detalles de la iniciativa<\/strong><\/p>\n<p>El proyecto del Poder Ejecutivo crea un nuevo impuesto sobre los ingresos a partir del equivalente a 15 salarios m\u00ednimos, vitales y m\u00f3viles (SMVM) al mes, con una al\u00edcuota progresiva sobre el excedente que va de 27% a 35% y se actualiza con el valor del SMVM dos veces por a\u00f1o.<\/p>\n<p>De esta forma, s\u00f3lo pagar\u00e1n el impuesto a las Ganancias 88.000 contribuyentes, lo que representa menos del 1 % del total de las remuneraciones, jubilaciones y pensiones.<\/p>\n<p>A trav\u00e9s de la iniciativa se busca que el impuesto recaiga, \u00fanicamente, \u00absobre los mayores ingresos en relaci\u00f3n de dependencia y por las otras rentas aludidas\u00bb.<\/p>\n<p>La determinaci\u00f3n del impuesto se efect\u00faa de acuerdo con el siguiente mecanismo: se considera, al comienzo del per\u00edodo fiscal, el valor del Salario M\u00ednimo, Vital y M\u00f3vil (SMVM) vigente el 1\u00b0 de enero de ese a\u00f1o, el que se actualizar\u00e1 el 1\u00b0 de julio de cada a\u00f1o fiscal, considerando el valor del SMVM vigente a esa nueva fecha.<\/p>\n<p>El proyecto ser\u00e1 acompa\u00f1ado por una movilizaci\u00f3n convocada por el consejo directivo de la CGT, que colideran H\u00e9ctor Daer, Carlos Acu\u00f1a y Pablo Moyano, para \u00abdefender el proyecto de ley enviado por el ministro de Econom\u00eda, Sergio Massa, para eliminar el Impuesto a las Ganancias\u00bb, seg\u00fan anunciaron. Adem\u00e1s habr\u00e1 otras centrales, como las dos CTA, y numerosas organizaciones gremiales.<\/p>\n<p>&nbsp;<\/p>\n<p><strong>Los otros proyectos que se tratar\u00e1n<\/strong><\/p>\n<p>Otro de los temas centrales que el oficialismo busca aprobar en el plenario de este martes es un proyecto de ley enviado por el ministro de Econom\u00eda y candidato presidencial de Uni\u00f3n por la Patria (UxP), Sergio Massa: la creaci\u00f3n del Programa de Generaci\u00f3n y Fortalecimiento del Empleo Argentino \u00abEmpleo Mipyme\u00bb.<\/p>\n<p>A trav\u00e9s de la iniciativa se contempla una reducci\u00f3n de las contribuciones patronales del 100% a aquellas PyMEs que contraten a personas j\u00f3venes y beneficiarios de programas sociales que accedan al mercado laboral por primera vez.<\/p>\n<p>En el temario tambi\u00e9n figura la creaci\u00f3n de cinco universidades nacionales: Del Delta, de Pilar, de Ezeiza, de Madres de Plaza de Mayo y de R\u00edo Tercero (C\u00f3rdoba).<\/p>\n<p>De los cinco proyectos universitarios a debatir cuatro pertenecen a diputados del FdT y uno (R\u00edo Tercero) a legisladores de Evoluci\u00f3n Radical.<\/p>\n<p>Asimismo, se tratar\u00e1 el proyecto que busca instituir el 15 de noviembre de cada a\u00f1o como el D\u00eda Nacional por la Memoria de los 44 H\u00e9roes del Submarino ARA San Juan.<\/p>\n<p>Otra de las iniciativas que se incluy\u00f3 es un proyecto para declarar al 17 de junio como el D\u00eda Nacional de los Trabajadores Desaparecidos en el Mar, en memoria de las v\u00edctimas del hundimiento del buque Repunte y de todas las v\u00edctimas de tragedias mientras desarrollaban sus actividades laborales embarcados, iniciativa impulsada por la diputada nacional Romina Del Pl\u00e1 (PO).<\/p>\n<p>Tambi\u00e9n, se buscar\u00e1 aprobar Monumento Hist\u00f3rico Nacional al complejo \u00abMonte Calvario\u00bb; establecer al 4 de agosto como D\u00eda de la Soberan\u00eda Continental y declarar al 31 de octubre como D\u00eda de las Iglesias Evang\u00e9licas, ya que el 31 de octubre de 1517 Mart\u00edn Lutero dio a conocer las 95 tesis que iniciaron la Reforma Protestante.<\/p>\n","protected":false},"excerpt":{"rendered":"<p>El oficialismo consigui\u00f3 reunir el n\u00famero necesario para realizar la sesi\u00f3n con el respaldo de la izquierda y de diputados provinciales, ya que JxC anticip\u00f3 que no acompa\u00f1ar\u00e1. Tambi\u00e9n se tratar\u00e1 el programa Empleo Mipyme y la creaci\u00f3n de cinco universidades nacionales &nbsp; &nbsp; La C\u00e1mara de Diputados tratar\u00e1 este martes en una sesi\u00f3n especial el proyecto de ley de reforma al impuesto a las Ganancias elaborado por el Poder Ejecutivo, que el lunes obtuvo dictamen de mayor\u00eda en la comisi\u00f3n de Presupuesto y Hacienda. La iniciativa establece que se&#8230;<\/p>\n","protected":false},"author":3,"featured_media":106717,"comment_status":"closed","ping_status":"closed","sticky":false,"template":"","format":"standard","meta":[],"categories":[18],"tags":[],"_links":{"self":[{"href":"https:\/\/www.actualidadadiario.com\/index.php\/wp-json\/wp\/v2\/posts\/108221"}],"collection":[{"href":"https:\/\/www.actualidadadiario.com\/index.php\/wp-json\/wp\/v2\/posts"}],"about":[{"href":"https:\/\/www.actualidadadiario.com\/index.php\/wp-json\/wp\/v2\/types\/post"}],"author":[{"embeddable":true,"href":"https:\/\/www.actualidadadiario.com\/index.php\/wp-json\/wp\/v2\/users\/3"}],"replies":[{"embeddable":true,"href":"https:\/\/www.actualidadadiario.com\/index.php\/wp-json\/wp\/v2\/comments?post=108221"}],"version-history":[{"count":1,"href":"https:\/\/www.actualidadadiario.com\/index.php\/wp-json\/wp\/v2\/posts\/108221\/revisions"}],"predecessor-version":[{"id":108222,"href":"https:\/\/www.actualidadadiario.com\/index.php\/wp-json\/wp\/v2\/posts\/108221\/revisions\/108222"}],"wp:featuredmedia":[{"embeddable":true,"href":"https:\/\/www.actualidadadiario.com\/index.php\/wp-json\/wp\/v2\/media\/106717"}],"wp:attachment":[{"href":"https:\/\/www.actualidadadiario.com\/index.php\/wp-json\/wp\/v2\/media?parent=108221"}],"wp:term":[{"taxonomy":"category","embeddable":true,"href":"https:\/\/www.actualidadadiario.com\/index.php\/wp-json\/wp\/v2\/categories?post=108221"},{"taxonomy":"post_tag","embeddable":true,"href":"https:\/\/www.actualidadadiario.com\/index.php\/wp-json\/wp\/v2\/tags?post=108221"}],"curies":[{"name":"wp","href":"https:\/\/api.w.org\/{rel}","templated":true}]}}