{"id":108216,"date":"2023-09-19T12:59:20","date_gmt":"2023-09-19T15:59:20","guid":{"rendered":"https:\/\/www.actualidadadiario.com\/?p=108216"},"modified":"2023-09-19T12:59:20","modified_gmt":"2023-09-19T15:59:20","slug":"paro-de-colectivos-no-habra-mas-servicio-nocturno-en-las-provincias","status":"publish","type":"post","link":"https:\/\/www.actualidadadiario.com\/index.php\/2023\/09\/19\/paro-de-colectivos-no-habra-mas-servicio-nocturno-en-las-provincias\/","title":{"rendered":"Paro de colectivos: no habr\u00e1 m\u00e1s servicio nocturno en las provincias"},"content":{"rendered":"<p style=\"text-align: center;\"><em><strong>FATAP anunci\u00f3 la medida que regir\u00e1 a partir del domingo 1\u00b0 de octubre. Tambi\u00e9n advirtieron que comenzar\u00e1n a suspender trabajadores<\/strong><\/em><\/p>\n<p>&nbsp;<\/p>\n<p>&nbsp;<\/p>\n<p>La Federaci\u00f3n Argentina de Transportadores por Automotor de Pasajeros (FATAP) asegur\u00f3 que desde el 1\u00b0 de octubre no habr\u00e1 m\u00e1s servicio nocturno en el interior del pa\u00eds. A su vez, advirti\u00f3 que suspender\u00e1n trabajadores.<\/p>\n<p>Desde la organizaci\u00f3n que nuclea a las empresas de colectivos del interior justificaron que la medida tiene que ver con una deuda pendiente del Gobierno. Cabe mencionar que la decisi\u00f3n afectar\u00e1 a m\u00e1s de 10 millones de personas.<\/p>\n<p>\u201cEl Gobierno nacional debe fondos desde febrero y las empresas de colectivos del interior del pa\u00eds ya no pueden sostener la estructura de costos, que aument\u00f3 por encima del \u00edndice inflacionario. As\u00ed, se decidi\u00f3 suspender trabajadores y el servicio nocturno por tiempo indeterminado a partir del pr\u00f3ximo 1 de octubre\u201d, destac\u00f3 FATAP en un comunicado.<\/p>\n<p>Y continuaron: \u201cEl Gobierno Nacional contin\u00faa discriminando al interior del pa\u00eds. Habiendo una inflaci\u00f3n que supera el 100%, al transporte del interior le han recortado el giro de fondos en un 32%, mientras que al AMBA se los incrementaron un 46%\u201d. \u201cLa estructura de costos no soporta m\u00e1s, y las autoridades lo saben, sino \u00bfpor qu\u00e9 dan incrementos en el AMBA y no a nosotros?\u201d, agregaron.<\/p>\n<p>\u201cEsta crisis del sector termina poniendo en riesgo la seguridad vial y el empleo de miles de personas. Hacemos un llamado a las autoridades competentes para que adopten y ejecuten las acciones necesarias para superar la crisis que atraviesa el sector\u201d, concluy\u00f3 el comunicado.<\/p>\n","protected":false},"excerpt":{"rendered":"<p>FATAP anunci\u00f3 la medida que regir\u00e1 a partir del domingo 1\u00b0 de octubre. Tambi\u00e9n advirtieron que comenzar\u00e1n a suspender trabajadores &nbsp; &nbsp; La Federaci\u00f3n Argentina de Transportadores por Automotor de Pasajeros (FATAP) asegur\u00f3 que desde el 1\u00b0 de octubre no habr\u00e1 m\u00e1s servicio nocturno en el interior del pa\u00eds. A su vez, advirti\u00f3 que suspender\u00e1n trabajadores. Desde la organizaci\u00f3n que nuclea a las empresas de colectivos del interior justificaron que la medida tiene que ver con una deuda pendiente del Gobierno. Cabe mencionar que la decisi\u00f3n afectar\u00e1 a m\u00e1s de&#8230;<\/p>\n","protected":false},"author":3,"featured_media":102292,"comment_status":"closed","ping_status":"closed","sticky":false,"template":"","format":"standard","meta":[],"categories":[2],"tags":[],"_links":{"self":[{"href":"https:\/\/www.actualidadadiario.com\/index.php\/wp-json\/wp\/v2\/posts\/108216"}],"collection":[{"href":"https:\/\/www.actualidadadiario.com\/index.php\/wp-json\/wp\/v2\/posts"}],"about":[{"href":"https:\/\/www.actualidadadiario.com\/index.php\/wp-json\/wp\/v2\/types\/post"}],"author":[{"embeddable":true,"href":"https:\/\/www.actualidadadiario.com\/index.php\/wp-json\/wp\/v2\/users\/3"}],"replies":[{"embeddable":true,"href":"https:\/\/www.actualidadadiario.com\/index.php\/wp-json\/wp\/v2\/comments?post=108216"}],"version-history":[{"count":1,"href":"https:\/\/www.actualidadadiario.com\/index.php\/wp-json\/wp\/v2\/posts\/108216\/revisions"}],"predecessor-version":[{"id":108217,"href":"https:\/\/www.actualidadadiario.com\/index.php\/wp-json\/wp\/v2\/posts\/108216\/revisions\/108217"}],"wp:featuredmedia":[{"embeddable":true,"href":"https:\/\/www.actualidadadiario.com\/index.php\/wp-json\/wp\/v2\/media\/102292"}],"wp:attachment":[{"href":"https:\/\/www.actualidadadiario.com\/index.php\/wp-json\/wp\/v2\/media?parent=108216"}],"wp:term":[{"taxonomy":"category","embeddable":true,"href":"https:\/\/www.actualidadadiario.com\/index.php\/wp-json\/wp\/v2\/categories?post=108216"},{"taxonomy":"post_tag","embeddable":true,"href":"https:\/\/www.actualidadadiario.com\/index.php\/wp-json\/wp\/v2\/tags?post=108216"}],"curies":[{"name":"wp","href":"https:\/\/api.w.org\/{rel}","templated":true}]}}