{"id":108213,"date":"2023-09-19T12:58:35","date_gmt":"2023-09-19T15:58:35","guid":{"rendered":"https:\/\/www.actualidadadiario.com\/?p=108213"},"modified":"2023-09-19T12:58:35","modified_gmt":"2023-09-19T15:58:35","slug":"se-realiza-la-prueba-aprender-en-escuelas-primarias-de-todo-el-pais","status":"publish","type":"post","link":"https:\/\/www.actualidadadiario.com\/index.php\/2023\/09\/19\/se-realiza-la-prueba-aprender-en-escuelas-primarias-de-todo-el-pais\/","title":{"rendered":"Se realiza la Prueba Aprender en escuelas primarias de todo el pa\u00eds"},"content":{"rendered":"<p style=\"text-align: center;\"><em><strong>Permitir\u00e1 conocer el grado de dominio que las y los estudiantes de 6to grado de nivel primario tienen sobre contenidos y capacidades cognitivas de Lengua y Matem\u00e1tica en sus trayectorias escolares<\/strong><\/em><\/p>\n<p>&nbsp;<\/p>\n<p>&nbsp;<\/p>\n<p>Alrededor de 750.000 estudiantes del sexto grado de 20.000 escuelas primarias de todo el pa\u00eds realizar\u00e1n las denominadas Pruebas Aprender, para evaluar los conocimientos en Lengua y Matem\u00e1tica, inform\u00f3 el Ministerio de Educaci\u00f3n.<\/p>\n<p>Las Pruebas Aprender 2023 &#8220;contribuyen al diagn\u00f3stico del sistema educativo, promueve procesos de reflexi\u00f3n al interior de las escuelas, genera evidencia para la toma de decisiones y enriquece el debate p\u00fablico de todos los actores involucrados al quehacer escolar&#8221;, explicaron desde el ministerio a trav\u00e9s de un comunicado de prensa.<\/p>\n<p>La prueba permitir\u00e1 conocer el grado de dominio que las y los estudiantes de 6to grado de nivel primario tienen sobre contenidos y capacidades cognitivas de Lengua y Matem\u00e1tica en sus trayectorias escolares.<\/p>\n<p>En la implementaci\u00f3n del operativo se aplicar\u00e1n, tambi\u00e9n, cuestionarios complementarios a directivos y estudiantes sobre las condiciones de ense\u00f1anza y aprendizaje en la educaci\u00f3n primaria y otros aspectos como el uso de los materiales did\u00e1cticos aportados por el programa Libros Para Aprender.<\/p>\n<p>La novedad de este a\u00f1o es que se incluye un cuestionario para docentes.<\/p>\n<p>Adem\u00e1s de los \u00edtems de respuesta m\u00faltiples que caracterizan a la prueba, se incluir\u00e1n preguntas abiertas o de construcci\u00f3n en Lengua y Matem\u00e1tica para que las y los estudiantes elaboren y desarrollen sus respuestas sobre los contenidos adquiridos en el aula.<\/p>\n<p>Desde el Ministerio informaron que &#8220;en el transcurso del a\u00f1o se publicar\u00e1 la S\u00edntesis de resultados Aprender 2023, que considerar\u00e1 aspectos como la cobertura y la participaci\u00f3n de las y los estudiantes y los desempe\u00f1os en las asignaturas desagregados por las principales variables de an\u00e1lisis como g\u00e9nero, \u00e1mbito y sector de gesti\u00f3n de las escuelas a las que asisten las alumnas y los alumnos, y el nivel socioecon\u00f3mico de sus hogares&#8221;.<\/p>\n","protected":false},"excerpt":{"rendered":"<p>Permitir\u00e1 conocer el grado de dominio que las y los estudiantes de 6to grado de nivel primario tienen sobre contenidos y capacidades cognitivas de Lengua y Matem\u00e1tica en sus trayectorias escolares &nbsp; &nbsp; Alrededor de 750.000 estudiantes del sexto grado de 20.000 escuelas primarias de todo el pa\u00eds realizar\u00e1n las denominadas Pruebas Aprender, para evaluar los conocimientos en Lengua y Matem\u00e1tica, inform\u00f3 el Ministerio de Educaci\u00f3n. Las Pruebas Aprender 2023 &#8220;contribuyen al diagn\u00f3stico del sistema educativo, promueve procesos de reflexi\u00f3n al interior de las escuelas, genera evidencia para la toma&#8230;<\/p>\n","protected":false},"author":3,"featured_media":108214,"comment_status":"closed","ping_status":"closed","sticky":false,"template":"","format":"standard","meta":[],"categories":[2],"tags":[],"_links":{"self":[{"href":"https:\/\/www.actualidadadiario.com\/index.php\/wp-json\/wp\/v2\/posts\/108213"}],"collection":[{"href":"https:\/\/www.actualidadadiario.com\/index.php\/wp-json\/wp\/v2\/posts"}],"about":[{"href":"https:\/\/www.actualidadadiario.com\/index.php\/wp-json\/wp\/v2\/types\/post"}],"author":[{"embeddable":true,"href":"https:\/\/www.actualidadadiario.com\/index.php\/wp-json\/wp\/v2\/users\/3"}],"replies":[{"embeddable":true,"href":"https:\/\/www.actualidadadiario.com\/index.php\/wp-json\/wp\/v2\/comments?post=108213"}],"version-history":[{"count":1,"href":"https:\/\/www.actualidadadiario.com\/index.php\/wp-json\/wp\/v2\/posts\/108213\/revisions"}],"predecessor-version":[{"id":108215,"href":"https:\/\/www.actualidadadiario.com\/index.php\/wp-json\/wp\/v2\/posts\/108213\/revisions\/108215"}],"wp:featuredmedia":[{"embeddable":true,"href":"https:\/\/www.actualidadadiario.com\/index.php\/wp-json\/wp\/v2\/media\/108214"}],"wp:attachment":[{"href":"https:\/\/www.actualidadadiario.com\/index.php\/wp-json\/wp\/v2\/media?parent=108213"}],"wp:term":[{"taxonomy":"category","embeddable":true,"href":"https:\/\/www.actualidadadiario.com\/index.php\/wp-json\/wp\/v2\/categories?post=108213"},{"taxonomy":"post_tag","embeddable":true,"href":"https:\/\/www.actualidadadiario.com\/index.php\/wp-json\/wp\/v2\/tags?post=108213"}],"curies":[{"name":"wp","href":"https:\/\/api.w.org\/{rel}","templated":true}]}}