{"id":108211,"date":"2023-09-19T12:57:32","date_gmt":"2023-09-19T15:57:32","guid":{"rendered":"https:\/\/www.actualidadadiario.com\/?p=108211"},"modified":"2023-09-19T12:57:32","modified_gmt":"2023-09-19T15:57:32","slug":"el-indec-dara-a-conocer-el-pbi-del-segundo-trimestre-del-2023","status":"publish","type":"post","link":"https:\/\/www.actualidadadiario.com\/index.php\/2023\/09\/19\/el-indec-dara-a-conocer-el-pbi-del-segundo-trimestre-del-2023\/","title":{"rendered":"El Indec dar\u00e1 a conocer el PBI del segundo trimestre del 2023"},"content":{"rendered":"<p style=\"text-align: center;\"><em><strong>Adem\u00e1s del informe del avance de actividad, este martes se conocer\u00e1 cu\u00e1l fue el \u00edndice del costo de la construcci\u00f3n de agosto, que en julio hab\u00eda alcanzado el 7,9 %, y el aumento de precios mayoristas tambi\u00e9n del octavo mes del a\u00f1o<\/strong><\/em><\/p>\n<p>&nbsp;<\/p>\n<p>&nbsp;<\/p>\n<p>Tras conocer que la inflaci\u00f3n de agosto alcanz\u00f3 el 12,4%, el Instituto Nacional de Estad\u00edsticas y Censos (INDEC) dar\u00e1 a conocer esta tarde una serie de indicadores vinculados al Producto Bruto Interno (PBI), a la construcci\u00f3n y al comercio mayorista.<\/p>\n<p>Este martes publicar\u00e1 el publicar\u00e1 el informe de avance del nivel de actividad correspondiente al segundo trimestre de 2023. En el primer trimestre, el PBI registr\u00f3 un crecimiento de 1,3% en relaci\u00f3n al per\u00edodo de 2022, y adem\u00e1s marc\u00f3 una suba de 0,7% respecto del cuarto trimestre de 2022.<\/p>\n<p>Adem\u00e1s, se conocer\u00e1 el \u00edndice del costo de la construcci\u00f3n (ICC) de agosto. En julio las cifras hab\u00edan alcanzado el 7,9 %, impulsado por el mayor costo de la mano de obra, y acumul\u00f3 en siete meses un incremento de 57,1%.<\/p>\n<p>Asimismo, se publicar\u00e1 el Sistema de \u00edndices de Precios Mayoristas (SIPM) del mes pasado. En julio, este indicador arroj\u00f3 un incremento de 7%, con lo que acumul\u00f3 un alza del 57,7% en los primeros siete meses.<\/p>\n","protected":false},"excerpt":{"rendered":"<p>Adem\u00e1s del informe del avance de actividad, este martes se conocer\u00e1 cu\u00e1l fue el \u00edndice del costo de la construcci\u00f3n de agosto, que en julio hab\u00eda alcanzado el 7,9 %, y el aumento de precios mayoristas tambi\u00e9n del octavo mes del a\u00f1o &nbsp; &nbsp; Tras conocer que la inflaci\u00f3n de agosto alcanz\u00f3 el 12,4%, el Instituto Nacional de Estad\u00edsticas y Censos (INDEC) dar\u00e1 a conocer esta tarde una serie de indicadores vinculados al Producto Bruto Interno (PBI), a la construcci\u00f3n y al comercio mayorista. Este martes publicar\u00e1 el publicar\u00e1 el&#8230;<\/p>\n","protected":false},"author":3,"featured_media":10912,"comment_status":"closed","ping_status":"closed","sticky":false,"template":"","format":"standard","meta":[],"categories":[2],"tags":[],"_links":{"self":[{"href":"https:\/\/www.actualidadadiario.com\/index.php\/wp-json\/wp\/v2\/posts\/108211"}],"collection":[{"href":"https:\/\/www.actualidadadiario.com\/index.php\/wp-json\/wp\/v2\/posts"}],"about":[{"href":"https:\/\/www.actualidadadiario.com\/index.php\/wp-json\/wp\/v2\/types\/post"}],"author":[{"embeddable":true,"href":"https:\/\/www.actualidadadiario.com\/index.php\/wp-json\/wp\/v2\/users\/3"}],"replies":[{"embeddable":true,"href":"https:\/\/www.actualidadadiario.com\/index.php\/wp-json\/wp\/v2\/comments?post=108211"}],"version-history":[{"count":1,"href":"https:\/\/www.actualidadadiario.com\/index.php\/wp-json\/wp\/v2\/posts\/108211\/revisions"}],"predecessor-version":[{"id":108212,"href":"https:\/\/www.actualidadadiario.com\/index.php\/wp-json\/wp\/v2\/posts\/108211\/revisions\/108212"}],"wp:featuredmedia":[{"embeddable":true,"href":"https:\/\/www.actualidadadiario.com\/index.php\/wp-json\/wp\/v2\/media\/10912"}],"wp:attachment":[{"href":"https:\/\/www.actualidadadiario.com\/index.php\/wp-json\/wp\/v2\/media?parent=108211"}],"wp:term":[{"taxonomy":"category","embeddable":true,"href":"https:\/\/www.actualidadadiario.com\/index.php\/wp-json\/wp\/v2\/categories?post=108211"},{"taxonomy":"post_tag","embeddable":true,"href":"https:\/\/www.actualidadadiario.com\/index.php\/wp-json\/wp\/v2\/tags?post=108211"}],"curies":[{"name":"wp","href":"https:\/\/api.w.org\/{rel}","templated":true}]}}