{"id":10821,"date":"2017-05-02T09:37:36","date_gmt":"2017-05-02T12:37:36","guid":{"rendered":"http:\/\/actualidadadiario.com\/site\/?p=10821"},"modified":"2017-05-02T09:37:36","modified_gmt":"2017-05-02T12:37:36","slug":"el-rio-uruguay-vuelve-a-rozar-los-10-metros-en-el-puerto-de-concordia","status":"publish","type":"post","link":"https:\/\/www.actualidadadiario.com\/index.php\/2017\/05\/02\/el-rio-uruguay-vuelve-a-rozar-los-10-metros-en-el-puerto-de-concordia\/","title":{"rendered":"El r\u00edo Uruguay vuelve a rozar los 10 metros en el puerto de Concordia"},"content":{"rendered":"<p><em><strong>Seg\u00fan el comunicado del \u00e1rea de Hidrolog\u00eda de la Comisi\u00f3n T\u00e9cnica Mixta de Salto Grande, el r\u00edo Uruguay se mantendr\u00e1 por debajo de los 10 metros<\/strong><\/em><\/p>\n<p>&nbsp;<\/p>\n<p>&nbsp;<\/p>\n<p>En su parte diario, el \u00e1rea de Hidrolog\u00eda de CTM, inform\u00f3 que hasta este martes 2 de mayo el caudal evacuado se mantendr\u00e1 en el entorno de 12.500 m3\/s; lo que significa que la cota en el puerto de Concordia se mantendr\u00e1 por debajo de los 10,00 metros.<\/p>\n<p>&nbsp;<\/p>\n<p>Con esta marca la costanera baja se ve superada por el agua, por lo que se solicita precauci\u00f3n.<\/p>\n<p>&nbsp;<\/p>\n<p>En cuanto al nivel del embalse del lago de Salto Grande para los pr\u00f3ximos d\u00edas, tender\u00e1 a 34.40 metros.<\/p>\n<p>&nbsp;<\/p>\n<p>La presa mantuvo los vertederos abiertos durante este lunes.<\/p>\n","protected":false},"excerpt":{"rendered":"<p>Seg\u00fan el comunicado del \u00e1rea de Hidrolog\u00eda de la Comisi\u00f3n T\u00e9cnica Mixta de Salto Grande, el r\u00edo Uruguay se mantendr\u00e1 por debajo de los 10 metros &nbsp; &nbsp; En su parte diario, el \u00e1rea de Hidrolog\u00eda de CTM, inform\u00f3 que hasta este martes 2 de mayo el caudal evacuado se mantendr\u00e1 en el entorno de 12.500 m3\/s; lo que significa que la cota en el puerto de Concordia se mantendr\u00e1 por debajo de los 10,00 metros. &nbsp; Con esta marca la costanera baja se ve superada por el agua, por&#8230;<\/p>\n","protected":false},"author":3,"featured_media":10822,"comment_status":"closed","ping_status":"closed","sticky":false,"template":"","format":"standard","meta":[],"categories":[15],"tags":[],"_links":{"self":[{"href":"https:\/\/www.actualidadadiario.com\/index.php\/wp-json\/wp\/v2\/posts\/10821"}],"collection":[{"href":"https:\/\/www.actualidadadiario.com\/index.php\/wp-json\/wp\/v2\/posts"}],"about":[{"href":"https:\/\/www.actualidadadiario.com\/index.php\/wp-json\/wp\/v2\/types\/post"}],"author":[{"embeddable":true,"href":"https:\/\/www.actualidadadiario.com\/index.php\/wp-json\/wp\/v2\/users\/3"}],"replies":[{"embeddable":true,"href":"https:\/\/www.actualidadadiario.com\/index.php\/wp-json\/wp\/v2\/comments?post=10821"}],"version-history":[{"count":1,"href":"https:\/\/www.actualidadadiario.com\/index.php\/wp-json\/wp\/v2\/posts\/10821\/revisions"}],"predecessor-version":[{"id":10823,"href":"https:\/\/www.actualidadadiario.com\/index.php\/wp-json\/wp\/v2\/posts\/10821\/revisions\/10823"}],"wp:featuredmedia":[{"embeddable":true,"href":"https:\/\/www.actualidadadiario.com\/index.php\/wp-json\/wp\/v2\/media\/10822"}],"wp:attachment":[{"href":"https:\/\/www.actualidadadiario.com\/index.php\/wp-json\/wp\/v2\/media?parent=10821"}],"wp:term":[{"taxonomy":"category","embeddable":true,"href":"https:\/\/www.actualidadadiario.com\/index.php\/wp-json\/wp\/v2\/categories?post=10821"},{"taxonomy":"post_tag","embeddable":true,"href":"https:\/\/www.actualidadadiario.com\/index.php\/wp-json\/wp\/v2\/tags?post=10821"}],"curies":[{"name":"wp","href":"https:\/\/api.w.org\/{rel}","templated":true}]}}