{"id":108209,"date":"2023-09-19T12:56:45","date_gmt":"2023-09-19T15:56:45","guid":{"rendered":"https:\/\/www.actualidadadiario.com\/?p=108209"},"modified":"2023-09-19T12:56:45","modified_gmt":"2023-09-19T15:56:45","slug":"empleo-alcanza-su-mayor-crecimiento-en-14-anos-586-000-puestos-nuevos-en-35-meses","status":"publish","type":"post","link":"https:\/\/www.actualidadadiario.com\/index.php\/2023\/09\/19\/empleo-alcanza-su-mayor-crecimiento-en-14-anos-586-000-puestos-nuevos-en-35-meses\/","title":{"rendered":"Empleo alcanza su mayor crecimiento en 14 a\u00f1os: 586.000 puestos nuevos en 35 meses"},"content":{"rendered":"<p style=\"text-align: center;\"><em><strong>Crece el trabajo registrado. Entre diciembre de 2019 y junio de 2023, m\u00e1s de un 1,1 mill\u00f3n de personas se incorporaron al trabajo formal<\/strong><\/em><\/p>\n<p>&nbsp;<\/p>\n<p>&nbsp;<\/p>\n<p>En junio y julio de este a\u00f1o, tanto el trabajo asalariado registrado privado como el total del registrado mantienen tendencia expansiva en la Argentina. En el sexto mes de 2023, se cumplieron 35 meses de crecimiento consecutivo del empleo asalariado registrado del sector privado y, a lo largo de este per\u00edodo, se incorporaron m\u00e1s de 586.000 personas a puestos de trabajo asalariados registrados privados.<\/p>\n<p>El total del trabajo registrado en el sistema de seguridad social tambi\u00e9n muestra una expansi\u00f3n significativa. Entre diciembre de 2019 y junio de 2023, m\u00e1s de un 1,1 mill\u00f3n de personas se incorporaron al trabajo formal, contabilizando todas sus modalidades.<\/p>\n<p>&nbsp;<\/p>\n<p><strong>Inflaci\u00f3n y empleo<\/strong><\/p>\n<p>Finalmente, el \u00faltimo aspecto a destacar es que, a pesar de la aceleraci\u00f3n inflacionaria, el poder adquisitivo de los salarios del empleo en relaci\u00f3n de dependencia registrado privado se mantuvo constante (incluso la mediana salarial present\u00f3 un leve crecimiento del 0,5%).<\/p>\n<p>As\u00ed lo reflejan los datos del Sistema Integrado Previsional Argentino (SIPA), que indican que el empleo asalariado formal en el sector privado de Argentina creci\u00f3 un 0,3% en junio de 2023 con respecto al mes anterior. Este incremento se tradujo en la incorporaci\u00f3n de 17.000 personas al mercado de trabajo.<\/p>\n<p>En el primer semestre de 2023, el empleo asalariado formal en el sector privado de Argentina creci\u00f3 un 1,6%, lo que representa la inclusi\u00f3n de alrededor de 100.000 personas a puestos de trabajo asalariados registrado del sector privado.<\/p>\n<p>Con la expansi\u00f3n verificada en junio, el empleo asalariado formal en el sector privado de Argentina acumula 35 meses de crecimiento sostenido, computados desde agosto de 2020. A lo largo de este per\u00edodo, se han incorporado m\u00e1s de 586.000 personas.<\/p>\n<p>Esta fase representa el per\u00edodo de crecimiento del empleo m\u00e1s prolongado en los \u00faltimos 14 a\u00f1os. Asimismo, en junio, el empleo asalariado formal en el sector privado de Argentina alcanz\u00f3 su nivel m\u00e1s alto desde que se inici\u00f3 la serie estad\u00edstica en 2009.<\/p>\n","protected":false},"excerpt":{"rendered":"<p>Crece el trabajo registrado. Entre diciembre de 2019 y junio de 2023, m\u00e1s de un 1,1 mill\u00f3n de personas se incorporaron al trabajo formal &nbsp; &nbsp; En junio y julio de este a\u00f1o, tanto el trabajo asalariado registrado privado como el total del registrado mantienen tendencia expansiva en la Argentina. En el sexto mes de 2023, se cumplieron 35 meses de crecimiento consecutivo del empleo asalariado registrado del sector privado y, a lo largo de este per\u00edodo, se incorporaron m\u00e1s de 586.000 personas a puestos de trabajo asalariados registrados privados&#8230;.<\/p>\n","protected":false},"author":3,"featured_media":88577,"comment_status":"closed","ping_status":"closed","sticky":false,"template":"","format":"standard","meta":[],"categories":[2],"tags":[],"_links":{"self":[{"href":"https:\/\/www.actualidadadiario.com\/index.php\/wp-json\/wp\/v2\/posts\/108209"}],"collection":[{"href":"https:\/\/www.actualidadadiario.com\/index.php\/wp-json\/wp\/v2\/posts"}],"about":[{"href":"https:\/\/www.actualidadadiario.com\/index.php\/wp-json\/wp\/v2\/types\/post"}],"author":[{"embeddable":true,"href":"https:\/\/www.actualidadadiario.com\/index.php\/wp-json\/wp\/v2\/users\/3"}],"replies":[{"embeddable":true,"href":"https:\/\/www.actualidadadiario.com\/index.php\/wp-json\/wp\/v2\/comments?post=108209"}],"version-history":[{"count":1,"href":"https:\/\/www.actualidadadiario.com\/index.php\/wp-json\/wp\/v2\/posts\/108209\/revisions"}],"predecessor-version":[{"id":108210,"href":"https:\/\/www.actualidadadiario.com\/index.php\/wp-json\/wp\/v2\/posts\/108209\/revisions\/108210"}],"wp:featuredmedia":[{"embeddable":true,"href":"https:\/\/www.actualidadadiario.com\/index.php\/wp-json\/wp\/v2\/media\/88577"}],"wp:attachment":[{"href":"https:\/\/www.actualidadadiario.com\/index.php\/wp-json\/wp\/v2\/media?parent=108209"}],"wp:term":[{"taxonomy":"category","embeddable":true,"href":"https:\/\/www.actualidadadiario.com\/index.php\/wp-json\/wp\/v2\/categories?post=108209"},{"taxonomy":"post_tag","embeddable":true,"href":"https:\/\/www.actualidadadiario.com\/index.php\/wp-json\/wp\/v2\/tags?post=108209"}],"curies":[{"name":"wp","href":"https:\/\/api.w.org\/{rel}","templated":true}]}}