{"id":108201,"date":"2023-09-19T12:54:05","date_gmt":"2023-09-19T15:54:05","guid":{"rendered":"https:\/\/www.actualidadadiario.com\/?p=108201"},"modified":"2023-09-19T12:54:05","modified_gmt":"2023-09-19T15:54:05","slug":"la-unesco-declaro-al-museo-sitio-de-la-memoria-esma-como-patrimonio-de-la-humanidad","status":"publish","type":"post","link":"https:\/\/www.actualidadadiario.com\/index.php\/2023\/09\/19\/la-unesco-declaro-al-museo-sitio-de-la-memoria-esma-como-patrimonio-de-la-humanidad\/","title":{"rendered":"La Unesco declar\u00f3 al Museo Sitio de la Memoria ESMA como Patrimonio de la Humanidad"},"content":{"rendered":"<p style=\"text-align: center;\"><em><strong>\u201cLo peor del terrorismo de Estado de la \u00faltima dictadura militar en la Argentina se expres\u00f3 all\u00ed: detenidos, asesinados, torturados y desaparecidos. Seguimos manteniendo viva la memoria\u201d, expres\u00f3 el presidente Alberto Fern\u00e1ndez<\/strong><\/em><\/p>\n<p>&nbsp;<\/p>\n<p>&nbsp;<\/p>\n<p>El Comit\u00e9 de la Unesco declar\u00f3 este martes el Museo Sitio de la Memoria ESMA como Patrimonio de la Humanidad por considerarlo un sitio para la memoria y fue incluido dentro de los monumentos y zonas protegidas por el organismo en el mundo.<\/p>\n<p>De esta manera, la Organizaci\u00f3n de las Naciones Unidas para la Educaci\u00f3n, la Ciencia y la Cultura (Unesco) oficializ\u00f3 la decisi\u00f3n en su 45\u00b0 Convenci\u00f3n en la ciudad de Riad en Arabia Saudita, que se encuentra sesionando desde el pasado 10 de septiembre.<\/p>\n<p>\u201cEs una alegr\u00eda muy grande la que estamos viviendo. Este reconocimiento a nivel internacional constituye una contundente respuesta frente a los discursos que niegan o buscan relativizar el terrorismo de Estado y los cr\u00edmenes de la \u00faltima dictadura c\u00edvico-militar\u00bb, se\u00f1al\u00f3 el secretario de Derechos Humanos, Horacio Pietragalla Corti, que viaj\u00f3 para participar de las sesiones.<\/p>\n<p>\u201cEl Museo Sitio representa a todos los Espacios de Memoria del pa\u00eds, pero tambi\u00e9n de la regi\u00f3n, y que lo hayan declarado como Patrimonio Mundial de la UNESCO es un homenaje a esos miles de desaparecidos que tiene nuestro continente\u201d, sostuvo el funcionario que subray\u00f3 que \u201cse trata de un hecho de una relevancia \u00fanica dentro de la historia argentina y regional, que sienta un precedente para seguir dando ejemplo en el mundo con las pol\u00edticas de Memoria, Verdad y Justicia\u201d.<\/p>\n<p>La comitiva argentina tambi\u00e9n estuvo integrada por la embajadora argentina ante la UNESCO, Marcela Losardo; la directora ejecutiva del Museo, Mayki Gorosito y el coordinador general del Plan de Trabajo para la candidatura del Sitio de Memoria ESMA, Mauricio Cohen Salama.<\/p>\n<p>El Comit\u00e9 que aprob\u00f3 la incorporaci\u00f3n del Museo est\u00e1 conformado por 21 representaciones rotativas de los 194 pa\u00edses m\u00e1s 12 Estados asociados que integran la Organizaci\u00f3n de las Naciones Unidas para la Educaci\u00f3n, la Ciencia y la Cultura (UNESCO). En la actualidad, los miembros del Comit\u00e9 son Arabia Saudita, Argentina, B\u00e9lgica, Bulgaria, Brasil, Catar, Egipto, Etiop\u00eda, Grecia, India, Italia, Jap\u00f3n, Mal\u00ed, Nigeria, Om\u00e1n, Ruanda, Rusia, San Vicente y las Granadinas, Sud\u00e1frica, Tailandia y Zambia.<\/p>\n<p>Seg\u00fan lo anunciado durante la sesi\u00f3n, se establece que el Museo Sitio de Memoria ESMA \u2013 Ex Centro Clandestino de Detenci\u00f3n, Tortura y Exterminio est\u00e1 asociado y es representativo de la represi\u00f3n ilegal llevada a cabo y coordinada por las dictaduras de Am\u00e9rica Latina en los a\u00f1os 1970 y 1980 sobre la base de la desaparici\u00f3n forzada de personas.<\/p>\n<p>De esta manera, el Museo Sitio pasa a integrar la lista que contempla lugares con un \u201cvalor universal excepcional\u201d que pertenecen al patrimonio com\u00fan de la humanidad, de acuerdo a lo establecido por la Convenci\u00f3n del Patrimonio Mundial de 1972. La misma ha sido ratificada por 194 pa\u00edses que forman parte de una comunidad internacional unida en la misi\u00f3n conjunta de identificar y proteger el patrimonio natural y cultural m\u00e1s importante de nuestro planeta.<\/p>\n<p>El expediente de nominaci\u00f3n y los anexos, firmados por el secretario Pietragalla Corti, fueron presentados en enero de 2022 al Centro del Patrimonio Mundial. Los documentos contaban con una descripci\u00f3n minuciosa de la instituci\u00f3n y varios tipos de documentaci\u00f3n respaldatoria. Tambi\u00e9n se incluyeron m\u00e1s de 160 adhesiones a la candidatura, realizadas por organizaciones y redes nacionales, regionales e internacionales.<\/p>\n<p>La Lista del Patrimonio Mundial incluye en la actualidad un total de 1.121 sitios (869 culturales, 213 naturales y 39 mixtos) en 167 pa\u00edses. Argentina contaba hasta ahora con 11 bienes reconocidos como Patrimonio Mundial; a ellos se agrega ahora el Museo Sitio de Memoria ESMA \u2013 Ex Centro Clandestino de Detenci\u00f3n, Tortura y Exterminio que est\u00e1 emplazado en el predio de la ex ESMA, hoy Espacio para la Memoria y para la Promoci\u00f3n y Defensa de los Derechos Humanos.<\/p>\n<p>Con esta nominaci\u00f3n, el Museo Sitio alcanza ahora una dimensi\u00f3n mundial en la difusi\u00f3n de los valores que testimonia y representa: el terrorismo de Estado basado en la desaparici\u00f3n forzada de personas y la capacidad de la sociedad argentina de reparar lo sucedido a trav\u00e9s del juicio a todas las personas involucradas en la represi\u00f3n ilegal.<\/p>\n<p>&nbsp;<\/p>\n<p><strong>El camino hacia la lista del Patrimonio Mundial de la UNESCO<\/strong><\/p>\n<p>Desde 2019, tras las gestiones comenzadas por parte del Estado argentino en octubre de 2015, el equipo de trabajo del Museo Sitio ejecut\u00f3 un Plan de Trabajo con el prop\u00f3sito de completar los requisitos t\u00e9cnicos, sociales, diplom\u00e1ticos y pol\u00edticos que solicita el organismo internacional. Como exponente de todos los Sitios de Memoria de Argentina y del Espacio para la Memoria y para la Promoci\u00f3n y Defensa de los Derechos Humanos (ex ESMA), se busca contribuir a la visibilidad internacional del terrorismo de Estado basado en la desaparici\u00f3n forzada de personas, y del valor del consenso social como medio para lograr Justicia.<\/p>\n<p>En diciembre de 2021, en un acto p\u00fablico en el Museo Sitio de Memoria ESMA, el secretario Horacio Pietragalla Corti firm\u00f3 el Expediente de Nominaci\u00f3n tras la aprobaci\u00f3n del Comit\u00e9 Argentino del Patrimonio Mundial, \u00f3rgano de la Comisi\u00f3n Nacional Argentina de Cooperaci\u00f3n con la UNESCO (CONAPLU) que preside el ministro de Educaci\u00f3n, Jaime Perczyk. Estuvieron presentes el ministro de Justicia, Mart\u00edn Soria; el ministro de Cultura, Trist\u00e1n Bauer, y la embajadora argentina ante la UNESCO, Marcela Losardo.<\/p>\n<p>En marzo de 2023, un experto del Consejo Internacional de Monumentos y Sitios (ICOMOS), \u00f3rgano evaluador de la Convenci\u00f3n sobre la Protecci\u00f3n del Patrimonio Mundial, Cultural y Natural, visit\u00f3 el Museo Sitio de Memoria para hacer su informe. Tom\u00f3 en cuenta las condiciones de integridad y autenticidad del Museo Sitio, su estado de conservaci\u00f3n y los sistemas existentes para su protecci\u00f3n y gesti\u00f3n, as\u00ed como las estrategias relativas a visitas y educaci\u00f3n, entre otros factores.<\/p>\n<p>Con este reconocimiento, el Museo Sitio comparte un lugar en la lista del Patrimonio Mundial con el Campo de Concentraci\u00f3n Nazi Auschwitz-Birkenau en Polonia; el Memorial de la Paz de Hiroshima en Jap\u00f3n; la Isla Robben de Sud\u00e1frica; el Muelle de Valongo en Brasil; la Isla de Gor\u00e9e en Senegal; y el Puente Viejo de Mostar en Bosnia y Herzegovina, todos s\u00edmbolos de la memoria y la defensa de los Derechos Humanos.<\/p>\n<p>En el aniversario de los 40 a\u00f1os de democracia ininterrumpida en nuestro pa\u00eds, el ingreso del Museo Sitio de Memoria ESMA a la Lista del Patrimonio Mundial contribuye a concientizar, educar, recordar, y promover que los horrores vividos no se repitan Nunca M\u00e1s, ni en Argentina ni en ninguna otra parte del mundo.<\/p>\n","protected":false},"excerpt":{"rendered":"<p>\u201cLo peor del terrorismo de Estado de la \u00faltima dictadura militar en la Argentina se expres\u00f3 all\u00ed: detenidos, asesinados, torturados y desaparecidos. Seguimos manteniendo viva la memoria\u201d, expres\u00f3 el presidente Alberto Fern\u00e1ndez &nbsp; &nbsp; El Comit\u00e9 de la Unesco declar\u00f3 este martes el Museo Sitio de la Memoria ESMA como Patrimonio de la Humanidad por considerarlo un sitio para la memoria y fue incluido dentro de los monumentos y zonas protegidas por el organismo en el mundo. De esta manera, la Organizaci\u00f3n de las Naciones Unidas para la Educaci\u00f3n, la&#8230;<\/p>\n","protected":false},"author":3,"featured_media":108202,"comment_status":"closed","ping_status":"closed","sticky":false,"template":"","format":"standard","meta":[],"categories":[9],"tags":[],"_links":{"self":[{"href":"https:\/\/www.actualidadadiario.com\/index.php\/wp-json\/wp\/v2\/posts\/108201"}],"collection":[{"href":"https:\/\/www.actualidadadiario.com\/index.php\/wp-json\/wp\/v2\/posts"}],"about":[{"href":"https:\/\/www.actualidadadiario.com\/index.php\/wp-json\/wp\/v2\/types\/post"}],"author":[{"embeddable":true,"href":"https:\/\/www.actualidadadiario.com\/index.php\/wp-json\/wp\/v2\/users\/3"}],"replies":[{"embeddable":true,"href":"https:\/\/www.actualidadadiario.com\/index.php\/wp-json\/wp\/v2\/comments?post=108201"}],"version-history":[{"count":1,"href":"https:\/\/www.actualidadadiario.com\/index.php\/wp-json\/wp\/v2\/posts\/108201\/revisions"}],"predecessor-version":[{"id":108203,"href":"https:\/\/www.actualidadadiario.com\/index.php\/wp-json\/wp\/v2\/posts\/108201\/revisions\/108203"}],"wp:featuredmedia":[{"embeddable":true,"href":"https:\/\/www.actualidadadiario.com\/index.php\/wp-json\/wp\/v2\/media\/108202"}],"wp:attachment":[{"href":"https:\/\/www.actualidadadiario.com\/index.php\/wp-json\/wp\/v2\/media?parent=108201"}],"wp:term":[{"taxonomy":"category","embeddable":true,"href":"https:\/\/www.actualidadadiario.com\/index.php\/wp-json\/wp\/v2\/categories?post=108201"},{"taxonomy":"post_tag","embeddable":true,"href":"https:\/\/www.actualidadadiario.com\/index.php\/wp-json\/wp\/v2\/tags?post=108201"}],"curies":[{"name":"wp","href":"https:\/\/api.w.org\/{rel}","templated":true}]}}