{"id":108197,"date":"2023-09-19T11:48:47","date_gmt":"2023-09-19T14:48:47","guid":{"rendered":"https:\/\/www.actualidadadiario.com\/?p=108197"},"modified":"2023-09-19T11:48:47","modified_gmt":"2023-09-19T14:48:47","slug":"un-informe-sostiene-que-entre-rios-tuvo-el-invierno-mas-caluroso-de-los-ultimos-anos","status":"publish","type":"post","link":"https:\/\/www.actualidadadiario.com\/index.php\/2023\/09\/19\/un-informe-sostiene-que-entre-rios-tuvo-el-invierno-mas-caluroso-de-los-ultimos-anos\/","title":{"rendered":"Un informe sostiene que Entre R\u00edos tuvo el invierno m\u00e1s caluroso de los \u00faltimos a\u00f1os"},"content":{"rendered":"<p style=\"text-align: center;\"><em><strong>El promedio de la temperatura m\u00ednima entre mayo y agosto en Entre R\u00edos fue de 8,8 grados, m\u00e1s de un grado por encima del promedio de los \u00faltimos ocho a\u00f1os<\/strong><\/em><\/p>\n<p>&nbsp;<\/p>\n<p>&nbsp;<\/p>\n<p>As\u00ed lo detall\u00f3 la Bolsa de Cereales de Entre R\u00edos, luego de analizar su red de centrales meteorol\u00f3gicas distribuidas en toda la provincia. Adem\u00e1s, difundi\u00f3, se registr\u00f3 la mitad de d\u00edas con heladas meteorol\u00f3gicas, jornadas en las que la temperatura es igual o inferior a 0 grados, a 1,5 metros de altura del abrigo meteorol\u00f3gico (estructura de medidas).<\/p>\n<p>El invierno del 2023 \u00abse destac\u00f3 por su falta de temperaturas extremadamente bajas\u00bb, consider\u00f3 la entidad. Aunque rescat\u00f3 que las lluvias fueron mayores al promedio desde 2004.<\/p>\n<p>&nbsp;<\/p>\n<p><strong>Temperaturas<\/strong><\/p>\n<p>En los \u00faltimos ocho a\u00f1os, el promedio de la temperatura m\u00ednima en Entre R\u00edos entre el 1 de mayo y el 31 de agosto se ubic\u00f3 en 7,5 grados, mientras que en el mismo per\u00edodo de 2023 la temperatura aument\u00f3 1,3 grados.<\/p>\n<p>Al analizar la temperatura media m\u00ednima diaria, la Bolsa detect\u00f3 un promedio de seis heladas meteorol\u00f3gicas entre 2015 y 2022, pero en 2023 s\u00f3lo contabilizaron tres.<\/p>\n<p>En tanto, el promedio de heladas agron\u00f3micas (cuando la temperatura es igual o inferior a 3 grados a 1,5 metros de altura del abrigo meteorol\u00f3gico y que equivale a unos 0 grados o menos a nivel del suelo) es de 24 en invierno, y baj\u00f3 a 20 en 2023.<\/p>\n<p>Los meses m\u00e1s fr\u00edos en Entre R\u00edos se ubican entre mayo y agosto, donde conjuntamente se registran los menores registros en las precipitaciones.<\/p>\n<p>Sin embargo, entre mayo y agosto de este a\u00f1o la precipitaci\u00f3n acumulada fue de 230 mil\u00edmetros, un 15% m\u00e1s que la promedio entre 2004 y 2022, con una importante concentraci\u00f3n en el centro y sur de la provincia, con un norte muy por debajo de lo normal, y con un mes de mayo con el doble de lluvias que lo esperado.<\/p>\n","protected":false},"excerpt":{"rendered":"<p>El promedio de la temperatura m\u00ednima entre mayo y agosto en Entre R\u00edos fue de 8,8 grados, m\u00e1s de un grado por encima del promedio de los \u00faltimos ocho a\u00f1os &nbsp; &nbsp; As\u00ed lo detall\u00f3 la Bolsa de Cereales de Entre R\u00edos, luego de analizar su red de centrales meteorol\u00f3gicas distribuidas en toda la provincia. Adem\u00e1s, difundi\u00f3, se registr\u00f3 la mitad de d\u00edas con heladas meteorol\u00f3gicas, jornadas en las que la temperatura es igual o inferior a 0 grados, a 1,5 metros de altura del abrigo meteorol\u00f3gico (estructura de medidas)&#8230;.<\/p>\n","protected":false},"author":3,"featured_media":108198,"comment_status":"closed","ping_status":"closed","sticky":false,"template":"","format":"standard","meta":[],"categories":[9,15],"tags":[],"_links":{"self":[{"href":"https:\/\/www.actualidadadiario.com\/index.php\/wp-json\/wp\/v2\/posts\/108197"}],"collection":[{"href":"https:\/\/www.actualidadadiario.com\/index.php\/wp-json\/wp\/v2\/posts"}],"about":[{"href":"https:\/\/www.actualidadadiario.com\/index.php\/wp-json\/wp\/v2\/types\/post"}],"author":[{"embeddable":true,"href":"https:\/\/www.actualidadadiario.com\/index.php\/wp-json\/wp\/v2\/users\/3"}],"replies":[{"embeddable":true,"href":"https:\/\/www.actualidadadiario.com\/index.php\/wp-json\/wp\/v2\/comments?post=108197"}],"version-history":[{"count":1,"href":"https:\/\/www.actualidadadiario.com\/index.php\/wp-json\/wp\/v2\/posts\/108197\/revisions"}],"predecessor-version":[{"id":108199,"href":"https:\/\/www.actualidadadiario.com\/index.php\/wp-json\/wp\/v2\/posts\/108197\/revisions\/108199"}],"wp:featuredmedia":[{"embeddable":true,"href":"https:\/\/www.actualidadadiario.com\/index.php\/wp-json\/wp\/v2\/media\/108198"}],"wp:attachment":[{"href":"https:\/\/www.actualidadadiario.com\/index.php\/wp-json\/wp\/v2\/media?parent=108197"}],"wp:term":[{"taxonomy":"category","embeddable":true,"href":"https:\/\/www.actualidadadiario.com\/index.php\/wp-json\/wp\/v2\/categories?post=108197"},{"taxonomy":"post_tag","embeddable":true,"href":"https:\/\/www.actualidadadiario.com\/index.php\/wp-json\/wp\/v2\/tags?post=108197"}],"curies":[{"name":"wp","href":"https:\/\/api.w.org\/{rel}","templated":true}]}}