{"id":108194,"date":"2023-09-19T11:47:49","date_gmt":"2023-09-19T14:47:49","guid":{"rendered":"https:\/\/www.actualidadadiario.com\/?p=108194"},"modified":"2023-09-19T11:47:49","modified_gmt":"2023-09-19T14:47:49","slug":"bahl-hablo-sobre-la-campana-nos-sentimos-muy-competitivos-en-la-provincia-y-la-ciudad","status":"publish","type":"post","link":"https:\/\/www.actualidadadiario.com\/index.php\/2023\/09\/19\/bahl-hablo-sobre-la-campana-nos-sentimos-muy-competitivos-en-la-provincia-y-la-ciudad\/","title":{"rendered":"Bahl habl\u00f3 sobre la campa\u00f1a: \u201cNos sentimos muy competitivos en la provincia y la ciudad\u201d"},"content":{"rendered":"<p style=\"text-align: center;\"><em><strong>As\u00ed lo afirm\u00f3 el candidato a gobernador de Entre R\u00edos por el justicialismo y actual intendente de Paran\u00e1, Ad\u00e1n Bahl. \u201cDurante la gesti\u00f3n estamos dedic\u00e1ndole muchas horas a la campa\u00f1a que tal vez deber\u00edamos destinarla al descanso\u201d, asegur\u00f3<\/strong><\/em><\/p>\n<p>&nbsp;<\/p>\n<p>&nbsp;<\/p>\n<p>Este martes por la ma\u00f1ana el gobernador de la provincia, Gustavo Bordet, y el intendente de la capital entrerriana, Ad\u00e1n Bhal, visitaron las instalaciones del nuevo\u00a0 shopping Paso del Paran\u00e1 que se inaugurar\u00e1 el pr\u00f3ximo 30 de septiembre.<\/p>\n<p>En este contexto el candidato a gobernador y actual intendente de la capital de la provincia fue consultado por su campa\u00f1a de cara a las elecciones de octubre y afirm\u00f3: \u201cNos sentimos muy competitivos en la provincia de Entre R\u00edos y en la ciudad de Paran\u00e1\u201d.<\/p>\n<p>A su vez, Bahl asegur\u00f3 que \u201cdurante la gesti\u00f3n estamos dedic\u00e1ndole muchas horas a la campa\u00f1a que tal vez deber\u00edamos destinarla al descanso\u201d\u00a0 y destac\u00f3 su logro que a pesar de ser el candidato m\u00e1s desconocido, termin\u00f3 siendo el m\u00e1s votado en la provincia.<\/p>\n<p>Asimismo, el candidato a gobernador afirm\u00f3: \u201cDe aqu\u00ed en adelante solo nos queda crecer y lo vemos en lo cotidiano\u201d.<\/p>\n<p>Con respecto a la candidatura por la intendencia de Rosario Romero, Bahl asegur\u00f3: \u201cNo tengo dudas que Rosario y su equipo son quienes van a garantizar la continuidad de la transformaci\u00f3n que logramos entre todos en estos cuatro a\u00f1os y de la capital de la provincia de la cual nos sentimos orgullosos\u201d.<\/p>\n<p>&nbsp;<\/p>\n<p><strong>La campa\u00f1a de Frigerio<\/strong><\/p>\n<p>El candidato a gobernador por M\u00e1s Para Entre R\u00edos fue consultado por su visi\u00f3n sobre la campa\u00f1a de su contrincante de Juntos por Entre R\u00edos, Rogelio Frigerio; Bahl se\u00f1al\u00f3 que no mira las estrategias de su adversario y tampoco las critica, sino que s\u00f3lo se ocupa de las suyas.<\/p>\n<p>Por otro lado, el candidato del justicialismo asegur\u00f3: \u201cNo quiero confrontar, pero creo que esto que se est\u00e1 formando en Paran\u00e1 es una forma de refutar las cr\u00edticas que muchas veces nos hacen a los entrerrianos en el sentido que somos \u00b4la provincia pobre\u00b4\u201c.<\/p>\n<p>Finalmente Bahl cerr\u00f3 con un mensaje muy claro: \u201cLos entrerrianos, los productores, los industriales, los docentes, los m\u00e9dicos sabemos qu\u00e9 es lo que tenemos que hacer y no es necesario que nos lo vengan a decir desde afuera\u201d.<\/p>\n","protected":false},"excerpt":{"rendered":"<p>As\u00ed lo afirm\u00f3 el candidato a gobernador de Entre R\u00edos por el justicialismo y actual intendente de Paran\u00e1, Ad\u00e1n Bahl. \u201cDurante la gesti\u00f3n estamos dedic\u00e1ndole muchas horas a la campa\u00f1a que tal vez deber\u00edamos destinarla al descanso\u201d, asegur\u00f3 &nbsp; &nbsp; Este martes por la ma\u00f1ana el gobernador de la provincia, Gustavo Bordet, y el intendente de la capital entrerriana, Ad\u00e1n Bhal, visitaron las instalaciones del nuevo\u00a0 shopping Paso del Paran\u00e1 que se inaugurar\u00e1 el pr\u00f3ximo 30 de septiembre. En este contexto el candidato a gobernador y actual intendente de la&#8230;<\/p>\n","protected":false},"author":3,"featured_media":108195,"comment_status":"closed","ping_status":"closed","sticky":false,"template":"","format":"standard","meta":[],"categories":[15],"tags":[],"_links":{"self":[{"href":"https:\/\/www.actualidadadiario.com\/index.php\/wp-json\/wp\/v2\/posts\/108194"}],"collection":[{"href":"https:\/\/www.actualidadadiario.com\/index.php\/wp-json\/wp\/v2\/posts"}],"about":[{"href":"https:\/\/www.actualidadadiario.com\/index.php\/wp-json\/wp\/v2\/types\/post"}],"author":[{"embeddable":true,"href":"https:\/\/www.actualidadadiario.com\/index.php\/wp-json\/wp\/v2\/users\/3"}],"replies":[{"embeddable":true,"href":"https:\/\/www.actualidadadiario.com\/index.php\/wp-json\/wp\/v2\/comments?post=108194"}],"version-history":[{"count":1,"href":"https:\/\/www.actualidadadiario.com\/index.php\/wp-json\/wp\/v2\/posts\/108194\/revisions"}],"predecessor-version":[{"id":108196,"href":"https:\/\/www.actualidadadiario.com\/index.php\/wp-json\/wp\/v2\/posts\/108194\/revisions\/108196"}],"wp:featuredmedia":[{"embeddable":true,"href":"https:\/\/www.actualidadadiario.com\/index.php\/wp-json\/wp\/v2\/media\/108195"}],"wp:attachment":[{"href":"https:\/\/www.actualidadadiario.com\/index.php\/wp-json\/wp\/v2\/media?parent=108194"}],"wp:term":[{"taxonomy":"category","embeddable":true,"href":"https:\/\/www.actualidadadiario.com\/index.php\/wp-json\/wp\/v2\/categories?post=108194"},{"taxonomy":"post_tag","embeddable":true,"href":"https:\/\/www.actualidadadiario.com\/index.php\/wp-json\/wp\/v2\/tags?post=108194"}],"curies":[{"name":"wp","href":"https:\/\/api.w.org\/{rel}","templated":true}]}}