{"id":108188,"date":"2023-09-19T11:46:19","date_gmt":"2023-09-19T14:46:19","guid":{"rendered":"https:\/\/www.actualidadadiario.com\/?p=108188"},"modified":"2023-09-19T11:46:19","modified_gmt":"2023-09-19T14:46:19","slug":"la-camara-de-turismo-convoco-a-bahl-frigerio-y-etchevehere-estamos-ansiosos-por-conocer-sus-propuestas","status":"publish","type":"post","link":"https:\/\/www.actualidadadiario.com\/index.php\/2023\/09\/19\/la-camara-de-turismo-convoco-a-bahl-frigerio-y-etchevehere-estamos-ansiosos-por-conocer-sus-propuestas\/","title":{"rendered":"La C\u00e1mara de Turismo convoc\u00f3 a Bahl, Frigerio y Etchevehere: \u201cEstamos ansiosos por conocer sus propuestas\u201d"},"content":{"rendered":"<p style=\"text-align: center;\"><em><strong>En medio de la pol\u00e9mica entre el gobernador Gustavo Bordet y la oposici\u00f3n por los datos del turismo en la provincia, la C\u00e1mara Entrerriana de Turismo (CET) invit\u00f3 a los candidatos a gobernador de las distintas fuerzas a una jornada para conocer qu\u00e9 propuestas tienen para el sector. Ser\u00e1 el pr\u00f3ximo jueves 28 de septiembre en Villaguay, confirm\u00f3 el presidente de la entidad Juan Acedo<\/strong><\/em><\/p>\n<p>&nbsp;<\/p>\n<p>&nbsp;<\/p>\n<p>La discusi\u00f3n si Entre R\u00edos est\u00e1 en tercer o quinto lugar de los destinos tur\u00edsticos m\u00e1s elegidos del pa\u00eds, puso al sector en el centro de la campa\u00f1a electoral de cara a las elecciones generales del pr\u00f3ximo 22 de octubre.<\/p>\n<p>Ante la consulta de esta Agencia, desde la C\u00e1mara Entrerriana de Turismo explicaron que la provincia efectivamente perdi\u00f3 el tercer lugar para pasar a ocupar el quinto despu\u00e9s de Buenos Aires, C\u00f3rdoba, Ciudad Aut\u00f3noma de Buenos Aires y R\u00edo Negro \u201cpor falta de infraestructura, inversi\u00f3n y de pol\u00edticas concretas\u201d.<\/p>\n<p>Aprovechando esta disputa que gener\u00f3 un ida y vuelta entre el oficialismo y la oposici\u00f3n, el presidente de la entidad, Juan Acedo, confirm\u00f3 que los candidatos a gobernador Ad\u00e1n Bahl (M\u00e1s para Entre R\u00edos), Rogelio Frigerio (Juntos por Entre R\u00edos) y Sebasti\u00e1n Etchevehere (La Libertad Avanza) fueron invitados a participar de una jornada para que cuenten cu\u00e1les son sus propuestas para el sector ante un eventual gobierno.<\/p>\n<p>Ser\u00e1 el pr\u00f3ximo jueves 28 de septiembre en el Centro Econ\u00f3mico la de la ciudad de Villaguay.<\/p>\n<p>&nbsp;<\/p>\n<p><strong>El Ente Mixto en el centro de la discusi\u00f3n<\/strong><\/p>\n<p>La puesta en marcha de un Ente Mixto provincial es uno de los reclamos hist\u00f3ricos del sector que Frigerio recogi\u00f3 y anunci\u00f3 este fin de semana en Col\u00f3n como propuesta propia.<\/p>\n<p>Al respecto, Acedo admiti\u00f3 estar de acuerdo con la iniciativa del candidato de Juntos por Entre R\u00edos, y asegur\u00f3 que la puesta en funcionamiento \u201ces la soluci\u00f3n a grandes problemas que tiene el sector en Entre R\u00edos y la forma de poder proyectar a futuro m\u00e1s all\u00e1 de las administraciones pol\u00edticas, dirigencias gremiales y empresarias\u201d.<\/p>\n<p>\u201cSin un Ente Mixto, cada vez que cambia el gobierno empezamos de cero o retrocedemos, que es a\u00fan peor\u201d, dijo.<\/p>\n<p>\u201cPor eso nos parece muy importante que el candidato a gobernador Ad\u00e1n Bahl est\u00e9 en Villaguay y nos cuente c\u00f3mo hace para que el Ente Mixto de Paran\u00e1 sea tan exitoso y lleve adelante un trabajo impecable. \u00c9l es el responsable de administrarlo y queremos que nos cuente esa experiencia\u201d, resalt\u00f3.<\/p>\n<p>Por \u00faltimo dijo: \u201cEstamos ansiosos por conocer sus propuestas y saber cu\u00e1les van a ser las pol\u00edticas que se van a llevar adelante a partir del 10 de diciembre. Tambi\u00e9n queremos expresarles nuestro apoyo y poner a total disposici\u00f3n todos los profesionales que tenemos en la C\u00e1mara, para poder traccionar la pr\u00f3xima temporada y que sea a\u00fan m\u00e1s exitosa de lo que fue este a\u00f1o a pesar de que el esfuerzo fue muy superior desde el sector privado\u201d.<\/p>\n","protected":false},"excerpt":{"rendered":"<p>En medio de la pol\u00e9mica entre el gobernador Gustavo Bordet y la oposici\u00f3n por los datos del turismo en la provincia, la C\u00e1mara Entrerriana de Turismo (CET) invit\u00f3 a los candidatos a gobernador de las distintas fuerzas a una jornada para conocer qu\u00e9 propuestas tienen para el sector. Ser\u00e1 el pr\u00f3ximo jueves 28 de septiembre en Villaguay, confirm\u00f3 el presidente de la entidad Juan Acedo &nbsp; &nbsp; La discusi\u00f3n si Entre R\u00edos est\u00e1 en tercer o quinto lugar de los destinos tur\u00edsticos m\u00e1s elegidos del pa\u00eds, puso al sector en&#8230;<\/p>\n","protected":false},"author":3,"featured_media":108189,"comment_status":"closed","ping_status":"closed","sticky":false,"template":"","format":"standard","meta":[],"categories":[15],"tags":[],"_links":{"self":[{"href":"https:\/\/www.actualidadadiario.com\/index.php\/wp-json\/wp\/v2\/posts\/108188"}],"collection":[{"href":"https:\/\/www.actualidadadiario.com\/index.php\/wp-json\/wp\/v2\/posts"}],"about":[{"href":"https:\/\/www.actualidadadiario.com\/index.php\/wp-json\/wp\/v2\/types\/post"}],"author":[{"embeddable":true,"href":"https:\/\/www.actualidadadiario.com\/index.php\/wp-json\/wp\/v2\/users\/3"}],"replies":[{"embeddable":true,"href":"https:\/\/www.actualidadadiario.com\/index.php\/wp-json\/wp\/v2\/comments?post=108188"}],"version-history":[{"count":1,"href":"https:\/\/www.actualidadadiario.com\/index.php\/wp-json\/wp\/v2\/posts\/108188\/revisions"}],"predecessor-version":[{"id":108190,"href":"https:\/\/www.actualidadadiario.com\/index.php\/wp-json\/wp\/v2\/posts\/108188\/revisions\/108190"}],"wp:featuredmedia":[{"embeddable":true,"href":"https:\/\/www.actualidadadiario.com\/index.php\/wp-json\/wp\/v2\/media\/108189"}],"wp:attachment":[{"href":"https:\/\/www.actualidadadiario.com\/index.php\/wp-json\/wp\/v2\/media?parent=108188"}],"wp:term":[{"taxonomy":"category","embeddable":true,"href":"https:\/\/www.actualidadadiario.com\/index.php\/wp-json\/wp\/v2\/categories?post=108188"},{"taxonomy":"post_tag","embeddable":true,"href":"https:\/\/www.actualidadadiario.com\/index.php\/wp-json\/wp\/v2\/tags?post=108188"}],"curies":[{"name":"wp","href":"https:\/\/api.w.org\/{rel}","templated":true}]}}