{"id":10818,"date":"2017-05-02T09:36:47","date_gmt":"2017-05-02T12:36:47","guid":{"rendered":"http:\/\/actualidadadiario.com\/site\/?p=10818"},"modified":"2017-05-02T09:36:47","modified_gmt":"2017-05-02T12:36:47","slug":"la-camara-de-senadores-sesionara-esta-semana","status":"publish","type":"post","link":"https:\/\/www.actualidadadiario.com\/index.php\/2017\/05\/02\/la-camara-de-senadores-sesionara-esta-semana\/","title":{"rendered":"La C\u00e1mara de Senadores sesionar\u00e1 esta semana"},"content":{"rendered":"<p><em><strong>Est\u00e1n agendadas distintas reuniones de comisi\u00f3n y se desarrollar\u00e1 la audiencia p\u00fablica en el marco del proceso de designaci\u00f3n del magistrado Miguel \u00c1ngel Giorgio como vocal del Superior Tribunal de Justicia (STJ)<\/strong><\/em><\/p>\n<p>&nbsp;<\/p>\n<p>&nbsp;<\/p>\n<p>&nbsp;<\/p>\n<p>La C\u00e1mara de Senadores est\u00e1 convocada a sesionar hoy y mi\u00e9rcoles a las 19 y jueves a las 11. Adem\u00e1s, est\u00e1n agendadas distintas reuniones de comisi\u00f3n y se desarrollar\u00e1 la audiencia p\u00fablica en el marco del proceso de designaci\u00f3n del magistrado Miguel \u00c1ngel Giorgio como vocal del Superior Tribunal de Justicia (STJ).<\/p>\n<p>&nbsp;<\/p>\n<p>La audiencia de Giorgio est\u00e1 prevista para el mi\u00e9rcoles a las 10 en el recinto de la C\u00e1mara de Senadores, en Casa de Gobierno.<\/p>\n<p>&nbsp;<\/p>\n<p>Antes, para el martes a las 18, est\u00e1 convocada una reuni\u00f3n de la comisi\u00f3n de Legislaci\u00f3n General del cuerpo.<\/p>\n<p>&nbsp;<\/p>\n<p>El mi\u00e9rcoles a las 9, en tanto, se reunir\u00e1 la comisi\u00f3n de Educaci\u00f3n, Ciencia y Tecnolog\u00eda.<\/p>\n<p>&nbsp;<\/p>\n<p>El mismo d\u00eda, a las 11, se reunir\u00e1 la comisi\u00f3n de Mercosur, Turismo y Deporte. Ser\u00e1 para trabajar sobre el proyecto de ley que dispone la afectaci\u00f3n del 30 por ciento de los recursos econ\u00f3micos del Fondo Provincial del Deporte de Entre R\u00edos, a un programa de financiamiento para el funcionamiento de escuelas de iniciaci\u00f3n deportiva en el \u00e1mbito municipal. Estar\u00e1n en el encuentro la ministra de Desarrollo Social, Laura Stratta y el secretario de Deportes de Entre R\u00edos, Jos\u00e9 G\u00f3mez.<\/p>\n<p>&nbsp;<\/p>\n<p>Despu\u00e9s, a las 12, se va reunir la comisi\u00f3n de Presupuesto y Hacienda.<\/p>\n<p>&nbsp;<\/p>\n<p>Todas las reuniones de comisi\u00f3n ser\u00e1n en la sala de reuniones de comisiones legislativas del Senado, en el segundo piso de la Casa de Gobierno.<\/p>\n","protected":false},"excerpt":{"rendered":"<p>Est\u00e1n agendadas distintas reuniones de comisi\u00f3n y se desarrollar\u00e1 la audiencia p\u00fablica en el marco del proceso de designaci\u00f3n del magistrado Miguel \u00c1ngel Giorgio como vocal del Superior Tribunal de Justicia (STJ) &nbsp; &nbsp; &nbsp; La C\u00e1mara de Senadores est\u00e1 convocada a sesionar hoy y mi\u00e9rcoles a las 19 y jueves a las 11. Adem\u00e1s, est\u00e1n agendadas distintas reuniones de comisi\u00f3n y se desarrollar\u00e1 la audiencia p\u00fablica en el marco del proceso de designaci\u00f3n del magistrado Miguel \u00c1ngel Giorgio como vocal del Superior Tribunal de Justicia (STJ). &nbsp; La audiencia&#8230;<\/p>\n","protected":false},"author":3,"featured_media":10819,"comment_status":"closed","ping_status":"closed","sticky":false,"template":"","format":"standard","meta":[],"categories":[15],"tags":[],"_links":{"self":[{"href":"https:\/\/www.actualidadadiario.com\/index.php\/wp-json\/wp\/v2\/posts\/10818"}],"collection":[{"href":"https:\/\/www.actualidadadiario.com\/index.php\/wp-json\/wp\/v2\/posts"}],"about":[{"href":"https:\/\/www.actualidadadiario.com\/index.php\/wp-json\/wp\/v2\/types\/post"}],"author":[{"embeddable":true,"href":"https:\/\/www.actualidadadiario.com\/index.php\/wp-json\/wp\/v2\/users\/3"}],"replies":[{"embeddable":true,"href":"https:\/\/www.actualidadadiario.com\/index.php\/wp-json\/wp\/v2\/comments?post=10818"}],"version-history":[{"count":1,"href":"https:\/\/www.actualidadadiario.com\/index.php\/wp-json\/wp\/v2\/posts\/10818\/revisions"}],"predecessor-version":[{"id":10820,"href":"https:\/\/www.actualidadadiario.com\/index.php\/wp-json\/wp\/v2\/posts\/10818\/revisions\/10820"}],"wp:featuredmedia":[{"embeddable":true,"href":"https:\/\/www.actualidadadiario.com\/index.php\/wp-json\/wp\/v2\/media\/10819"}],"wp:attachment":[{"href":"https:\/\/www.actualidadadiario.com\/index.php\/wp-json\/wp\/v2\/media?parent=10818"}],"wp:term":[{"taxonomy":"category","embeddable":true,"href":"https:\/\/www.actualidadadiario.com\/index.php\/wp-json\/wp\/v2\/categories?post=10818"},{"taxonomy":"post_tag","embeddable":true,"href":"https:\/\/www.actualidadadiario.com\/index.php\/wp-json\/wp\/v2\/tags?post=10818"}],"curies":[{"name":"wp","href":"https:\/\/api.w.org\/{rel}","templated":true}]}}