{"id":10816,"date":"2017-05-02T09:35:54","date_gmt":"2017-05-02T12:35:54","guid":{"rendered":"http:\/\/actualidadadiario.com\/site\/?p=10816"},"modified":"2017-05-02T09:35:54","modified_gmt":"2017-05-02T12:35:54","slug":"este-martes-se-reunen-el-gobierno-y-los-sindicatos-docentes","status":"publish","type":"post","link":"https:\/\/www.actualidadadiario.com\/index.php\/2017\/05\/02\/este-martes-se-reunen-el-gobierno-y-los-sindicatos-docentes\/","title":{"rendered":"Este martes se re\u00fanen el Gobierno y los sindicatos docentes"},"content":{"rendered":"<p><em><strong>El Gobierno provincial y los sindicatos docentes volver\u00e1n a reunirse este martes 2 a las 16 en el Sal\u00f3n de los Gobernadores de la Casa Gris. Desde Agmer indicaron que esperan una propuesta salarial &#8220;superadora&#8221;<\/strong><\/em><\/p>\n<p>&nbsp;<\/p>\n<p>&nbsp;<\/p>\n<p>&nbsp;<\/p>\n<p>El Gobierno provincial y los sindicatos docentes volver\u00e1n a reunirse este martes 2 de mayo a las 16 en el Sal\u00f3n de los Gobernadores de la Casa Gris, para dar continuidad al marco de negociaciones que se habilit\u00f3 a principio de abril, seg\u00fan informaron desde Agmer a trav\u00e9s de un comunicado.<\/p>\n<p>&nbsp;<\/p>\n<p>Se recordar\u00e1 que el Frente Sindical Docente integrado por Agmer, AMET, SADOP y UDA, luego de que el gobierno de la provincia de Entre R\u00edos hiciera una propuesta de recomposici\u00f3n salarial rechazada por los sindicatos de la provincia, exigi\u00f3 &#8220;una nueva propuesta antes del 02 de mayo, en virtud de que la propuesta es insuficiente&#8221;.<\/p>\n<p>&nbsp;<\/p>\n<p>&nbsp;<\/p>\n<p><strong>Agmer espera una propuesta salarial &#8220;superadora&#8221;<\/strong><\/p>\n<p>Al respecto, el secretario adjunto de Agmer, Alejandro Bernasconi, subray\u00f3: &#8220;Entendemos que en principio es un paso adelante porque si hay convocatoria, no imaginamos otra cosa que no sea una propuesta superadora&#8221;.<\/p>\n<p>&nbsp;<\/p>\n<p>&#8220;Esperamos que sea la propuesta que est\u00e1 esperando el colectivo docente para destrabar este conflicto&#8221;, sentenci\u00f3 el sindicalista.<\/p>\n<p>&nbsp;<\/p>\n<p>Y en esa l\u00ednea, argument\u00f3: &#8220;La \u00faltima propuesta fue rechazada y tiene que ser mejorada integralmente, tanto en los montos, los tramos y en la devoluci\u00f3n de d\u00edas descontados por huelga, porque si bien se avanz\u00f3 en la devoluci\u00f3n de aquellos descuentos masivos que hicieron en su momento, seguimos teniendo casos en los que seguimos atr\u00e1s&#8221;. &#8220;Aunque se haya puesto en suspenso la resoluci\u00f3n que gener\u00f3 el conflicto que llevamos adelante, esperamos la derogaci\u00f3n de la misma&#8221;, agreg\u00f3.<\/p>\n","protected":false},"excerpt":{"rendered":"<p>El Gobierno provincial y los sindicatos docentes volver\u00e1n a reunirse este martes 2 a las 16 en el Sal\u00f3n de los Gobernadores de la Casa Gris. Desde Agmer indicaron que esperan una propuesta salarial &#8220;superadora&#8221; &nbsp; &nbsp; &nbsp; El Gobierno provincial y los sindicatos docentes volver\u00e1n a reunirse este martes 2 de mayo a las 16 en el Sal\u00f3n de los Gobernadores de la Casa Gris, para dar continuidad al marco de negociaciones que se habilit\u00f3 a principio de abril, seg\u00fan informaron desde Agmer a trav\u00e9s de un comunicado. &nbsp;&#8230;<\/p>\n","protected":false},"author":3,"featured_media":10172,"comment_status":"closed","ping_status":"closed","sticky":false,"template":"","format":"standard","meta":[],"categories":[9,15],"tags":[],"_links":{"self":[{"href":"https:\/\/www.actualidadadiario.com\/index.php\/wp-json\/wp\/v2\/posts\/10816"}],"collection":[{"href":"https:\/\/www.actualidadadiario.com\/index.php\/wp-json\/wp\/v2\/posts"}],"about":[{"href":"https:\/\/www.actualidadadiario.com\/index.php\/wp-json\/wp\/v2\/types\/post"}],"author":[{"embeddable":true,"href":"https:\/\/www.actualidadadiario.com\/index.php\/wp-json\/wp\/v2\/users\/3"}],"replies":[{"embeddable":true,"href":"https:\/\/www.actualidadadiario.com\/index.php\/wp-json\/wp\/v2\/comments?post=10816"}],"version-history":[{"count":1,"href":"https:\/\/www.actualidadadiario.com\/index.php\/wp-json\/wp\/v2\/posts\/10816\/revisions"}],"predecessor-version":[{"id":10817,"href":"https:\/\/www.actualidadadiario.com\/index.php\/wp-json\/wp\/v2\/posts\/10816\/revisions\/10817"}],"wp:featuredmedia":[{"embeddable":true,"href":"https:\/\/www.actualidadadiario.com\/index.php\/wp-json\/wp\/v2\/media\/10172"}],"wp:attachment":[{"href":"https:\/\/www.actualidadadiario.com\/index.php\/wp-json\/wp\/v2\/media?parent=10816"}],"wp:term":[{"taxonomy":"category","embeddable":true,"href":"https:\/\/www.actualidadadiario.com\/index.php\/wp-json\/wp\/v2\/categories?post=10816"},{"taxonomy":"post_tag","embeddable":true,"href":"https:\/\/www.actualidadadiario.com\/index.php\/wp-json\/wp\/v2\/tags?post=10816"}],"curies":[{"name":"wp","href":"https:\/\/api.w.org\/{rel}","templated":true}]}}