{"id":10807,"date":"2017-05-02T09:31:16","date_gmt":"2017-05-02T12:31:16","guid":{"rendered":"http:\/\/actualidadadiario.com\/site\/?p=10807"},"modified":"2017-05-02T09:31:16","modified_gmt":"2017-05-02T12:31:16","slug":"incorporan-a-jovenes-con-discapacidad-en-el-trabajo-de-comedores-escolares","status":"publish","type":"post","link":"https:\/\/www.actualidadadiario.com\/index.php\/2017\/05\/02\/incorporan-a-jovenes-con-discapacidad-en-el-trabajo-de-comedores-escolares\/","title":{"rendered":"Incorporan a j\u00f3venes con discapacidad en el trabajo de comedores escolares"},"content":{"rendered":"<p><em><strong>El gobierno de la provincia lleva adelante una pol\u00edtica de inserci\u00f3n laboral de las personas con discapacidad. En ese marco, la titular del Iprodi, Cristina Ponce, dio a conocer la inclusi\u00f3n de cuatro j\u00f3venes en comedores escolares del departamento Concordia. Adem\u00e1s, en esta primera etapa se establecieron convenios de pasant\u00edas con las escuelas e instituciones integrales para lograr as\u00ed la inserci\u00f3n laboral de los alumnos<\/strong><\/em><\/p>\n<p>&nbsp;<\/p>\n<p>&nbsp;<\/p>\n<p>&nbsp;<\/p>\n<p>&nbsp;<\/p>\n<p>En ese marco, la titular del Instituto Provincial de Discapacidad (Iprodi), Cristina Ponce, explic\u00f3 que el objetivo trazado por el gobernador Bordet, est\u00e1 dado por \u201calcanzar la autonom\u00eda de las personas de discapacidad\u201d, lo que est\u00e1 incluido, adem\u00e1s, en \u201cla Convenci\u00f3n de las Personas con Discapacidad, que nosotros hemos firmado como pa\u00eds\u201d, record\u00f3.<\/p>\n<p>&nbsp;<\/p>\n<p>En ese sentido, Ponce explic\u00f3 que \u201csi no logramos la autonom\u00eda econ\u00f3mica, si no logramos que ellos empiecen a tener una independencia econ\u00f3mica, va a ser muy dif\u00edcil lograr una autonom\u00eda completa\u201d, para lo cual \u201csiempre estamos tratando de incorporar cada vez m\u00e1s personas con discapacidad tanto en proyectos de \u00edndole privado como p\u00fablico\u201d, remarc\u00f3.<\/p>\n<p>&nbsp;<\/p>\n<p>Para ello, \u201cdialogamos con la parte privada, empresarios, y distintas instancias, y tambi\u00e9n en nuestro propio Estado\u201d, indic\u00f3 la funcionaria, quien destac\u00f3 \u201cla iniciativa de la direcci\u00f3n de Comedores Escolares, dependiente del Ministerio de Desarrollo Social, Ariel Wilvers\u201d.<\/p>\n<p>&nbsp;<\/p>\n<p>\u201cFue una idea de ellos que nos pareci\u00f3 muy buena y que nosotros acompa\u00f1amos, porque \u00bfqu\u00e9 mejor que en los comedores, que tambi\u00e9n son una parte de una pol\u00edtica inclusiva del Estado facilit\u00e1ndole el alimento a nuestros gurises en las escuelas?\u201d, se pregunt\u00f3 la titular del Iprodi, y agreg\u00f3: \u201cObviamente que desde el instituto estamos m\u00e1s que contentos, y creemos que tiene que repetirse, tratar de que sea una experiencia que se replique en otras instituciones, en otras \u00e1reas del Estado\u201d.<\/p>\n<p>&nbsp;<\/p>\n<p>En esta oportunidad, en Concordia se incorporaron cuatro j\u00f3venes con discapacidad en las escuelas La Gruta de Lourdes, escuela N\u00b0 53 General San Mart\u00edn, escuela N\u00ba 4 Lavarden y N\u00ba 72 Trabajador Comunitario.<\/p>\n<p>&nbsp;<\/p>\n<p>Al respecto, la coordinadora de Asuntos Sociales y coordinadora de Comedores Escolares de la Costa del Uruguay, Sara Eiris, acompa\u00f1\u00f3 en su primer d\u00eda a Mateo en el comedor de la Gruta de Lourdes, donde el personal del comedor y los chicos le dieron la bienvenida.<\/p>\n<p>&nbsp;<\/p>\n<p>Eiris destac\u00f3 que este hecho es una muestra clara de la integraci\u00f3n de todos los entrerrianos, y coment\u00f3 que &#8220;es una iniciativa del gobernador Bordet y la ministra de Desarrollo Social, Laura Stratta. Con el director de Comedores Escolares de la provincia, Ariel Wilvers, hemos resuelto incorporar chicos con capacidades diferentes a trabajar en los comedores&#8221;.<\/p>\n<p>&nbsp;<\/p>\n<p>En ese sentido, explic\u00f3 que &#8220;hoy empiezan cuatro y luego iremos incorporando m\u00e1s en distintas escuelas de nuestra ciudad. Van a comenzar trabajando en la copa de leche para despu\u00e9s incorporarse en las distintas actividades de los comedores&#8221;.<\/p>\n<p>&nbsp;<\/p>\n<p>La funcionaria se revel\u00f3 &#8220;muy feliz&#8221; porque \u201ces una iniciativa muy importante para la ciudad\u201d, y explic\u00f3 que &#8220;ya estuvimos reunidos con los cocineros de las distintas escuelas y est\u00e1n muy ansiosos por recibir a sus nuevos compa\u00f1eros&#8221;. Tambi\u00e9n destac\u00f3 que &#8220;estos chicos ya tienen conocimiento de cocina, han hecho cursos de cocina, dos de las chicas han estado trabajando en panader\u00edas, los chicos trabajar\u00e1n a la par de los cocineros&#8221;.<\/p>\n<p>&nbsp;<\/p>\n<p>&#8220;Son pasant\u00edas de tres meses, donde van a tener un acompa\u00f1amiento terap\u00e9utico para ir evaluando el trabajo y dar continuidad a las propuesta&#8221;, detall\u00f3 finalmente Eiris.<\/p>\n","protected":false},"excerpt":{"rendered":"<p>El gobierno de la provincia lleva adelante una pol\u00edtica de inserci\u00f3n laboral de las personas con discapacidad. En ese marco, la titular del Iprodi, Cristina Ponce, dio a conocer la inclusi\u00f3n de cuatro j\u00f3venes en comedores escolares del departamento Concordia. Adem\u00e1s, en esta primera etapa se establecieron convenios de pasant\u00edas con las escuelas e instituciones integrales para lograr as\u00ed la inserci\u00f3n laboral de los alumnos &nbsp; &nbsp; &nbsp; &nbsp; En ese marco, la titular del Instituto Provincial de Discapacidad (Iprodi), Cristina Ponce, explic\u00f3 que el objetivo trazado por el gobernador&#8230;<\/p>\n","protected":false},"author":3,"featured_media":10808,"comment_status":"closed","ping_status":"closed","sticky":false,"template":"","format":"standard","meta":[],"categories":[15],"tags":[],"_links":{"self":[{"href":"https:\/\/www.actualidadadiario.com\/index.php\/wp-json\/wp\/v2\/posts\/10807"}],"collection":[{"href":"https:\/\/www.actualidadadiario.com\/index.php\/wp-json\/wp\/v2\/posts"}],"about":[{"href":"https:\/\/www.actualidadadiario.com\/index.php\/wp-json\/wp\/v2\/types\/post"}],"author":[{"embeddable":true,"href":"https:\/\/www.actualidadadiario.com\/index.php\/wp-json\/wp\/v2\/users\/3"}],"replies":[{"embeddable":true,"href":"https:\/\/www.actualidadadiario.com\/index.php\/wp-json\/wp\/v2\/comments?post=10807"}],"version-history":[{"count":1,"href":"https:\/\/www.actualidadadiario.com\/index.php\/wp-json\/wp\/v2\/posts\/10807\/revisions"}],"predecessor-version":[{"id":10809,"href":"https:\/\/www.actualidadadiario.com\/index.php\/wp-json\/wp\/v2\/posts\/10807\/revisions\/10809"}],"wp:featuredmedia":[{"embeddable":true,"href":"https:\/\/www.actualidadadiario.com\/index.php\/wp-json\/wp\/v2\/media\/10808"}],"wp:attachment":[{"href":"https:\/\/www.actualidadadiario.com\/index.php\/wp-json\/wp\/v2\/media?parent=10807"}],"wp:term":[{"taxonomy":"category","embeddable":true,"href":"https:\/\/www.actualidadadiario.com\/index.php\/wp-json\/wp\/v2\/categories?post=10807"},{"taxonomy":"post_tag","embeddable":true,"href":"https:\/\/www.actualidadadiario.com\/index.php\/wp-json\/wp\/v2\/tags?post=10807"}],"curies":[{"name":"wp","href":"https:\/\/api.w.org\/{rel}","templated":true}]}}