{"id":10804,"date":"2017-05-02T09:30:28","date_gmt":"2017-05-02T12:30:28","guid":{"rendered":"http:\/\/actualidadadiario.com\/site\/?p=10804"},"modified":"2017-05-02T09:30:28","modified_gmt":"2017-05-02T12:30:28","slug":"capacitacion-educacion-e-inversion-para-potenciar-el-empleo-entrerriano","status":"publish","type":"post","link":"https:\/\/www.actualidadadiario.com\/index.php\/2017\/05\/02\/capacitacion-educacion-e-inversion-para-potenciar-el-empleo-entrerriano\/","title":{"rendered":"Capacitaci\u00f3n, educaci\u00f3n e inversi\u00f3n para potenciar el empleo entrerriano"},"content":{"rendered":"<p><em><strong>\u201cCreemos en la posibilidad que brinda el conocimiento. Por eso reforzamos todas las instancias de capacitaci\u00f3n y emprendimientos, y tenemos claro que si no tenemos un sector privado pujante, que incorpore valor agregado a partir de la transformaci\u00f3n de nuestras posibilidades y riquezas naturales, no puede haber dinamismo en la generaci\u00f3n de trabajo. Alentamos a nuestros empresarios en su permanente crecimiento, mientras tanto dentro del sector estatal cuidamos el empleo a partir de un paradigma claro: Los trabajadores nunca ser\u00e1n la variable de ajuste\u201d, dijo el gobernador Gustavo Bordet con motivo de conmemorarse el D\u00eda del Trabajador<\/strong><\/em><\/p>\n<p>&nbsp;<\/p>\n<p>&nbsp;<\/p>\n<p>&nbsp;<\/p>\n<p>\u201cA pesar de la cr\u00edtica situaci\u00f3n financiera de Entre R\u00edos no hubo un solo despido y acompa\u00f1amos los salarios de los trabajadores p\u00fablicos al ritmo de la inflaci\u00f3n. No somos patrones de nadie, tenemos un mandato popular y por ende tenemos que relacionarnos con las organizaciones para cumplir con los cometidos de la gesti\u00f3n por un lado; y por otro lado para mejorar cuestiones de trabajo y los acuerdos salariales que se discuten en paritaria siempre\u201d, subray\u00f3 el gobernador.<\/p>\n<p>&nbsp;<\/p>\n<p>\u201cSiempre he tenido una pol\u00edtica de di\u00e1logo permanente y de respeto con todas las organizaciones. Creo en el di\u00e1logo que trae acuerdos que se traducen despu\u00e9s en soluciones. Y \u00e9sta no ser\u00e1 la excepci\u00f3n\u201d, expres\u00f3 Bordet.<\/p>\n<p>&nbsp;<\/p>\n<p>En ese marco, uno de los objetivos prioritarios del gobierno es trabajar decididamente en la universalizaci\u00f3n de las pol\u00edticas sociales con el fin de planificar e implementar las acciones orientadas hacia el fomento de la inclusi\u00f3n e integraci\u00f3n social y el desarrollo humano.<\/p>\n<p>&nbsp;<\/p>\n<p>Pero no es la \u00fanica l\u00ednea de trabajo. Titularizaci\u00f3n de cargos docentes, apoyo a los peque\u00f1os y medianos productores, desarrollo y profesionalizaci\u00f3n de mano de obra calificada, son otros de los ejes en los cuales la provincia avanza.<\/p>\n<p>&nbsp;<\/p>\n<p>&nbsp;<\/p>\n<p>&nbsp;<\/p>\n<p><strong>Fomentar la cultura emprendedora <\/strong><\/p>\n<p>El gobierno provincial, a trav\u00e9s del Ministerio de Desarrollo Social asiste y apoya a miles de emprendedores que reciben aportes y\/o participan de diferentes programas.<\/p>\n<p>&nbsp;<\/p>\n<p>En ese marco, se han entregado microcr\u00e9ditos, permitiendo que emprendedores de toda la provincia pudieran acceder a una l\u00ednea de financiaci\u00f3n para desarrollar y potenciar su proyecto productivo, fortaleciendo la econom\u00eda social en el territorio provincial.<\/p>\n<p>&nbsp;<\/p>\n<p>Por otra parte, del Programa Crecer, ya son m\u00e1s de 5.000 los j\u00f3venes que han participado. Su objetivo es desarrollar y capitalizar los saberes de j\u00f3venes entrerrianos de 18 a 35 a\u00f1os en situaci\u00f3n de vulnerabilidad para llevar adelante emprendimientos productivos o de servicio que permita incrementar sus ingresos y mejorar su calidad de vida.<\/p>\n<p>&nbsp;<\/p>\n<p>Cr\u00e9dito Joven impulsa la movilidad social ascendente de j\u00f3venes profesionales facilitando su inserci\u00f3n al mercado laboral y brindando asistencia para el inicio o consolidaci\u00f3n de su actividad laboral. Financia herramientas, equipamiento, mejoras de los espacios productivos y acciones que tiendan a mejorar la comercializaci\u00f3n y\/o prestaci\u00f3n de servicios.<\/p>\n<p>&nbsp;<\/p>\n<p>Por otro lado, se financian cooperativas textiles, ap\u00edcolas, y de trabajo. Y en el marco del programa de Incorporaci\u00f3n de Tecnolog\u00eda se han invertido 4,6 millones de pesos que permiten fortalecer 366 unidades productivas de emprendedores de la econom\u00eda social durante 2016. Esta l\u00ednea de trabajo busca mejorar las condiciones de producci\u00f3n de los emprendimientos de la econom\u00eda social a partir de dotarlos de aquellas herramientas que les permitan lograr un salto cualitativo y cuantitativo en t\u00e9rminos productivos.<\/p>\n<p>&nbsp;<\/p>\n<p>Se fortificaron y se gestionaron proyectos municipales de econom\u00eda social en 18 localidades, que involucran a 535 emprendedores. De igual forma, en el programa Poder Popular se financiaron 82 proyectos.<\/p>\n<p>&nbsp;<\/p>\n<p>Adem\u00e1s se llevan adelante los programas Mejor es Hacer e Iniciativas Populares. Estas iniciativas constituyen una herramienta de abordaje territorial que acompa\u00f1a a la sociedad en su transformaci\u00f3n, dotando de contenido solidario a la acci\u00f3n comunitaria, propiciando que las acciones locales sean experiencias multiplicadoras.<\/p>\n<p>&nbsp;<\/p>\n<p>El gobierno provincial contin\u00faa con el apoyo a j\u00f3venes que quieran realizar proyectos productivos agropecuarios, industriales o servicios conexos. Es as\u00ed que a trav\u00e9s de la Direcci\u00f3n de J\u00f3venes Emprendedores, perteneciente al Ministerio de Producci\u00f3n, se busca asesorar, capacitar y financiar a personas de entre 18 y 40 a\u00f1os con ideas de emprendimientos productivos o ya en marcha.<\/p>\n<p>&nbsp;<\/p>\n<p>Se trata de un cr\u00e9dito que no tiene tasa de inter\u00e9s, otorga un a\u00f1o de gracia y se devuelve luego en 24 cuotas mensuales, iguales y consecutivas. Durante 2016 accedieron al financiamiento ocho proyectos agropecuarios y 14 proyectos industriales.<\/p>\n<p>&nbsp;<\/p>\n<p>El programa Mejora Competitiva para Pymes permite conocer la realidad de las pymes locales, para luego implementar acciones tendientes a propiciar la mejora de su competitividad y vigorizarlas, considerando que estas empresas tienen una participaci\u00f3n muy importante dentro de la estructura econ\u00f3mica de la Regi\u00f3n.<\/p>\n<p>&nbsp;<\/p>\n<p>&nbsp;<\/p>\n<p>&nbsp;<\/p>\n<p><strong>Apoyo a nuestros peque\u00f1os productores <\/strong><\/p>\n<p>La provincia presenta caracter\u00edsticas \u00fanicas con dos rasgos distintivos: la distribuci\u00f3n proporcional de su poblaci\u00f3n en todo el territorio y la diversidad de sus sistemas productivos, que la ha transformado paulatinamente en un gran complejo agroalimentario y agroindustrial.<\/p>\n<p>&nbsp;<\/p>\n<p>Desde el Ministerio de Producci\u00f3n se entregaron aportes a peque\u00f1os productores a trav\u00e9s de los programas de Desarrollo Rural Incluyente (Proderi) y de Desarrollo Rural y Agricultura Familiar (Prodaf).<\/p>\n<p>&nbsp;<\/p>\n<p>Ambos tienen como objetivos promover la mejora en la productividad a trav\u00e9s de la asistencia t\u00e9cnica y el acceso al financiamiento para los peque\u00f1os productores. Se busca suscitar la mejora de la calidad de vida de las familias rurales vulnerables a partir del aumento de la productividad, la inserci\u00f3n en cadenas de valor y la creaci\u00f3n de oportunidades de trabajo conservando el medio ambiente.<\/p>\n<p>&nbsp;<\/p>\n<p>Se generaron \u00e1mbitos de participaci\u00f3n con diversos sectores de la producci\u00f3n provincial, que trascendiendo las urgencias de la coyuntura, buscan analizar las necesidades del sector, evaluar las distintas pol\u00edticas p\u00fablicas implementadas y proponer acciones a futuro. La premisa es la elaboraci\u00f3n de un proyecto de trabajo que siente las bases de una actividad estable y sustentable para las cadenas de valor.<\/p>\n<p>&nbsp;<\/p>\n<p>&nbsp;<\/p>\n<p>&nbsp;<\/p>\n<p><strong>Misiones Comerciales <\/strong><\/p>\n<p>A trav\u00e9s de las misiones comerciales realizadas en diferentes lugares del mundo, la provincia busca posicionar sus productos en los mercados internacionales, como una forma de apertura de las fronteras, expansi\u00f3n comercial y potenciaci\u00f3n del mercado laboral provincial. De este modo, se han realizado visitas con fines comerciales a Brasil, Paraguay, Dubai, China, Chile, Uruguay, Mosc\u00fa y Bolivia.<\/p>\n<p>&nbsp;<\/p>\n<p>&nbsp;<\/p>\n<p>&nbsp;<\/p>\n<p><strong>Infraestructura para el desarrollo <\/strong><\/p>\n<p>Adem\u00e1s de brindar m\u00e1s y mejores condiciones de vida a la gente, la obra p\u00fablica se transforma en un mecanismo para generar empleo genuino, capaz de dinamizar el mercado local de consumo y producci\u00f3n, sosteniendo a la peque\u00f1a y mediana empresa.<\/p>\n<p>&nbsp;<\/p>\n<p>Las obras que se llevan adelante son financiadas presupuesto provincial, y algunas de ellas la inversi\u00f3n es conjunta con el gobierno nacional, y se traducen en decenas de empresas, consorcios, profesionales y trabajadores de la construcci\u00f3n entrerrianos que tienen acceso a un empleo digno producto de un gobierno decidido a mantener y consolidar una pol\u00edtica de infraestructura orientada al desarrollo y fortalecimiento de cada ciudad y pueblo de la provincia.<\/p>\n<p>&nbsp;<\/p>\n<p>Con 400 obras de infraestructura vial, escolares y de saneamiento en ejecuci\u00f3n a lo largo y ancho del territorio entrerriano son cientos de personas que d\u00eda a d\u00eda pueden contar con un lugar de trabajo para seguir construyendo una provincia pujante, m\u00e1s igualitaria y con posibilidades de inclusi\u00f3n para todos.<\/p>\n<p>&nbsp;<\/p>\n<p>&nbsp;<\/p>\n<p>&nbsp;<\/p>\n<p><strong>Recurso humano calificado <\/strong><\/p>\n<p>La Secretar\u00eda de Ciencia, Tecnolog\u00eda e Innovaci\u00f3n de Entre R\u00edos viene trabajando para que la provincia cuente con recurso calificado en \u00e1reas prioritarias en t\u00e9rminos productivos y tecnol\u00f3gicos. Para ello, hace una fuerte articulaci\u00f3n con universidades y centros de investigaci\u00f3n para que los j\u00f3venes logren sus t\u00edtulos de grados de la mano de ideas y\/o proyectos que desarrollen un servicio o producto.<\/p>\n<p>&nbsp;<\/p>\n<p>Este trabajo logr\u00f3 que Entre R\u00edos, por ejemplo, lidere el ranking de provincia que presenten y aprueban becas TIC es tanto instrumento del Fondo para la Investigaci\u00f3n Cient\u00edfica y Tecnol\u00f3gica (Foncyt) del Ministerio de Ciencia, Tecnolog\u00eda e Innovaci\u00f3n productiva destinado al fortalecimiento de recursos humanos aplicados al sector del a tecnolog\u00eda e informaci\u00f3n de la comunicaci\u00f3n. Adem\u00e1s, esto le vali\u00f3 el reconocimiento al Estado provincial por parte t\u00e9cnicos del Banco Mundial.<\/p>\n<p>&nbsp;<\/p>\n<p>Entre R\u00edos present\u00f3 116 proyectos de los 406 que hubo en el pa\u00eds. De esas iniciativas, 100 ya fueron aprobadas con lo cual se inyectar\u00e1 al mercado 14 millones de pesos en ese concepto.<\/p>\n<p>&nbsp;<\/p>\n<p>Liderar en la instrumentaci\u00f3n de esta herramienta desaf\u00eda al gobierno entrerriano a ir por m\u00e1s, por lo cual desde la Secretar\u00eda de Ciencia, Tecnolog\u00eda e Innovaci\u00f3n se trabaja en afianzar la articulaci\u00f3n con empresas y el incentivo a que los emprendedores tecnol\u00f3gicos logren traducir sus iniciativas en pymes en una provincia que est\u00e1 cuarta a nivel nacional en cuanto a este tipo de empresas.<\/p>\n<p>&nbsp;<\/p>\n<p>Encuentros, visitas, asesoramiento, gestiones y capacitaciones son algunas de las acciones concretas por las que se est\u00e1n generando puestos de trabajo en el \u00e1mbito de la ciencia y tecnolog\u00eda.<\/p>\n<p>&nbsp;<\/p>\n<p>En s\u00edntesis, el conocimiento, la transferencia y la formaci\u00f3n de recurso humano altamente calificado es el valor agregado que desde Ciencia y Tecnolog\u00eda la provincia busca imponer en los puestos de trabajo genuino que se generan.<\/p>\n<p>&nbsp;<\/p>\n<p>&nbsp;<\/p>\n<p>&nbsp;<\/p>\n<p><strong>Reivindicaciones sociales <\/strong><\/p>\n<p>La provincia, a trav\u00e9s de la Secretar\u00eda de Trabajo y Seguridad Social, establece pol\u00edticas para defender el empleo, difundir y controlar el cumplimiento de las normas laborales y promover la seguridad social.<\/p>\n<p>&nbsp;<\/p>\n<p>Bajo la \u00f3rbita de la sede laboral, la provincia establece herramientas para el asesoramiento y la asistencia de los trabajadores, empleadores y sindicatos a fin de mejorar la calidad del empleo.<\/p>\n<p>&nbsp;<\/p>\n<p>El \u00e1rea laboral cuenta con 17 delegaciones distribuidas en la provincia donde los trabajadores puede consultar o denunciar el trabajo no registrado, los incumplimientos a la Ley de Contrato de Trabajo o al Convenio que rige de acuerdo a la actividad, el pago en fuera de t\u00e9rmino, la falta de pago de indemnizaci\u00f3n, la falta de entrega de certificaci\u00f3n de servicio, violencia laboral. Desde las delegaciones laborales, la provincia controla la registraci\u00f3n del trabajo, persigue el trabajo infantil, atiende los conflictos laborales y todo lo relativo al \u00e1mbito laboral entrerriano.<\/p>\n<p>&nbsp;<\/p>\n<p>A trav\u00e9s del Programa Defender, se ofrece, de manera gratuita, un completo asesoramiento jur\u00eddico y psicol\u00f3gico a los trabajadores. El \u00e1rea dispone de un cuerpo de profesionales para atender consultas en materia laboral, redactar telegramas y\/o denuncias, brindar contenci\u00f3n psicol\u00f3gica, orientar y asistir en materia de violencia laboral, discriminaci\u00f3n, adicciones, maltrato y menoscabo a los derechos del trabajador y a la dignidad de sus condiciones laborales.<\/p>\n","protected":false},"excerpt":{"rendered":"<p>\u201cCreemos en la posibilidad que brinda el conocimiento. Por eso reforzamos todas las instancias de capacitaci\u00f3n y emprendimientos, y tenemos claro que si no tenemos un sector privado pujante, que incorpore valor agregado a partir de la transformaci\u00f3n de nuestras posibilidades y riquezas naturales, no puede haber dinamismo en la generaci\u00f3n de trabajo. Alentamos a nuestros empresarios en su permanente crecimiento, mientras tanto dentro del sector estatal cuidamos el empleo a partir de un paradigma claro: Los trabajadores nunca ser\u00e1n la variable de ajuste\u201d, dijo el gobernador Gustavo Bordet con&#8230;<\/p>\n","protected":false},"author":3,"featured_media":10805,"comment_status":"closed","ping_status":"closed","sticky":false,"template":"","format":"standard","meta":[],"categories":[9],"tags":[],"_links":{"self":[{"href":"https:\/\/www.actualidadadiario.com\/index.php\/wp-json\/wp\/v2\/posts\/10804"}],"collection":[{"href":"https:\/\/www.actualidadadiario.com\/index.php\/wp-json\/wp\/v2\/posts"}],"about":[{"href":"https:\/\/www.actualidadadiario.com\/index.php\/wp-json\/wp\/v2\/types\/post"}],"author":[{"embeddable":true,"href":"https:\/\/www.actualidadadiario.com\/index.php\/wp-json\/wp\/v2\/users\/3"}],"replies":[{"embeddable":true,"href":"https:\/\/www.actualidadadiario.com\/index.php\/wp-json\/wp\/v2\/comments?post=10804"}],"version-history":[{"count":1,"href":"https:\/\/www.actualidadadiario.com\/index.php\/wp-json\/wp\/v2\/posts\/10804\/revisions"}],"predecessor-version":[{"id":10806,"href":"https:\/\/www.actualidadadiario.com\/index.php\/wp-json\/wp\/v2\/posts\/10804\/revisions\/10806"}],"wp:featuredmedia":[{"embeddable":true,"href":"https:\/\/www.actualidadadiario.com\/index.php\/wp-json\/wp\/v2\/media\/10805"}],"wp:attachment":[{"href":"https:\/\/www.actualidadadiario.com\/index.php\/wp-json\/wp\/v2\/media?parent=10804"}],"wp:term":[{"taxonomy":"category","embeddable":true,"href":"https:\/\/www.actualidadadiario.com\/index.php\/wp-json\/wp\/v2\/categories?post=10804"},{"taxonomy":"post_tag","embeddable":true,"href":"https:\/\/www.actualidadadiario.com\/index.php\/wp-json\/wp\/v2\/tags?post=10804"}],"curies":[{"name":"wp","href":"https:\/\/api.w.org\/{rel}","templated":true}]}}