{"id":10801,"date":"2017-04-28T09:53:02","date_gmt":"2017-04-28T12:53:02","guid":{"rendered":"http:\/\/actualidadadiario.com\/site\/?p=10801"},"modified":"2017-04-28T09:53:02","modified_gmt":"2017-04-28T12:53:02","slug":"el-papa-lleva-a-egipto-mensaje-de-tolerancia-tras-los-cruentos-atentados-contra-cristianos","status":"publish","type":"post","link":"https:\/\/www.actualidadadiario.com\/index.php\/2017\/04\/28\/el-papa-lleva-a-egipto-mensaje-de-tolerancia-tras-los-cruentos-atentados-contra-cristianos\/","title":{"rendered":"El Papa lleva a Egipto mensaje de tolerancia tras los cruentos atentados contra cristianos"},"content":{"rendered":"<p><em><strong>Las autoridades de Egipto han desplegado medidas de seguridad &#8220;sin precedentes&#8221; en El Cairo en ocasi\u00f3n de la primera visita del Papa al pa\u00eds<\/strong><\/em><\/p>\n<p>&nbsp;<\/p>\n<p>&nbsp;<\/p>\n<p>&nbsp;<\/p>\n<p>&nbsp;<\/p>\n<p>&nbsp;<\/p>\n<p>As\u00ed lo informaron fuentes locales, precisando que &#8220;se ha decretado el estado de alerta m\u00e1xima&#8221; en el aeropuerto, alrededor del cual &#8220;ha sido aumentado el per\u00edmetro de seguridad reservado a los invitados de honor&#8221;.<\/p>\n<p>&nbsp;<\/p>\n<p>Tambi\u00e9n est\u00e1 prohibida la presencia de veh\u00edculos en el \u00e1rea restringida llamada &#8220;de la Presidencia de la Rep\u00fablica&#8221;.<\/p>\n<p>&nbsp;<\/p>\n<p>Las medidas de seguridad han sido por otra parte reforzadas a lo largo de la amplia avenida arbolada y con amplios carriles de El-Orouba, por donde pasar\u00e1 el convoy de veh\u00edculos papal para dirigirse al palacio presidencial de Ittihadiya, que queda a menos de diez kil\u00f3metros, en el barrio oriental de Heliopolis.<\/p>\n<p>&nbsp;<\/p>\n<p>En toda la zona hay por otra parte &#8220;perros entrenados para la b\u00fasqueda de explosivos&#8221; y &#8220;veh\u00edculos con aparatos electr\u00f3nicos que monitorean a trav\u00e9s de scaner el \u00e1rea para detectar eventuales materiales sospechosos&#8221;, precisaron las fuentes.<\/p>\n<p>&nbsp;<\/p>\n<p>Tambi\u00e9n est\u00e1n operando &#8220;veh\u00edculos con aparatos que pueden interferir en las comunicaciones&#8221;.<\/p>\n<p>&nbsp;<\/p>\n<p>Desde hace d\u00edas, en Zamalek -la isla fluvial del Nilo donde se encuentra la Nunciatura apost\u00f3lica- han sido retirados los autom\u00f3viles que se encontraban en la zona. En el lugar hay ahora polic\u00edas, militares y otras fuerzas de la seguridad.<\/p>\n<p>&nbsp;<\/p>\n<p>Francisco inicia una visita de dos d\u00edas durante la cual se encontrar\u00e1 con autoridades civiles, isl\u00e1micas y cristianas, en su decimoctavo viaje fuera de Italia como pont\u00edfice, en un viaje en el que espera llevar &#8220;reconciliaci\u00f3n&#8221; entre el cristianismo y el islam, como \u00e9l mismo reconoci\u00f3 en un videomensaje al pueblo egipcio esta semana.<\/p>\n<p>&nbsp;<\/p>\n<p>Francisco iniciar\u00e1 una agenda que incluye una visita al presidente Abdel Fatah Al Sisi, un encuentro con Ahmed El-Tayeb, el im\u00e1n de la Universidad Al Azhar, el centro teol\u00f3gico sunnita m\u00e1s importante el mundo; y una oraci\u00f3n conjunta con el papa copto-ortodoxo Teodoro II.<\/p>\n<p>&nbsp;<\/p>\n<p>En un pa\u00eds con mayor\u00eda musulmana y en el que los copto-ortodoxo predominan dentro de los cristianos, el Pont\u00edfice tendr\u00e1 una triple dimensi\u00f3n pastoral, interreligiosa y ecum\u00e9nica que incluir\u00e1 un &#8220;consuelo&#8221; a los coptos tras el doble atentado que a inicios de mes dej\u00f3 46 muertos en iglesias cristianas.<\/p>\n<p>&nbsp;<\/p>\n<p>En una visita que tiene como lema &#8220;Francisco Papa de paz en Egipto pa\u00eds de paz&#8221;, el pont\u00edfice celebrar\u00e1 una misa para la comunidad cat\u00f3lica en un estadio de las afueras de la capital egipcia con capacidad para 30.000 personas, antes de encontrarse con el clero local.<\/p>\n","protected":false},"excerpt":{"rendered":"<p>Las autoridades de Egipto han desplegado medidas de seguridad &#8220;sin precedentes&#8221; en El Cairo en ocasi\u00f3n de la primera visita del Papa al pa\u00eds &nbsp; &nbsp; &nbsp; &nbsp; &nbsp; As\u00ed lo informaron fuentes locales, precisando que &#8220;se ha decretado el estado de alerta m\u00e1xima&#8221; en el aeropuerto, alrededor del cual &#8220;ha sido aumentado el per\u00edmetro de seguridad reservado a los invitados de honor&#8221;. &nbsp; Tambi\u00e9n est\u00e1 prohibida la presencia de veh\u00edculos en el \u00e1rea restringida llamada &#8220;de la Presidencia de la Rep\u00fablica&#8221;. &nbsp; Las medidas de seguridad han sido por&#8230;<\/p>\n","protected":false},"author":3,"featured_media":10802,"comment_status":"closed","ping_status":"closed","sticky":false,"template":"","format":"standard","meta":[],"categories":[4],"tags":[],"_links":{"self":[{"href":"https:\/\/www.actualidadadiario.com\/index.php\/wp-json\/wp\/v2\/posts\/10801"}],"collection":[{"href":"https:\/\/www.actualidadadiario.com\/index.php\/wp-json\/wp\/v2\/posts"}],"about":[{"href":"https:\/\/www.actualidadadiario.com\/index.php\/wp-json\/wp\/v2\/types\/post"}],"author":[{"embeddable":true,"href":"https:\/\/www.actualidadadiario.com\/index.php\/wp-json\/wp\/v2\/users\/3"}],"replies":[{"embeddable":true,"href":"https:\/\/www.actualidadadiario.com\/index.php\/wp-json\/wp\/v2\/comments?post=10801"}],"version-history":[{"count":1,"href":"https:\/\/www.actualidadadiario.com\/index.php\/wp-json\/wp\/v2\/posts\/10801\/revisions"}],"predecessor-version":[{"id":10803,"href":"https:\/\/www.actualidadadiario.com\/index.php\/wp-json\/wp\/v2\/posts\/10801\/revisions\/10803"}],"wp:featuredmedia":[{"embeddable":true,"href":"https:\/\/www.actualidadadiario.com\/index.php\/wp-json\/wp\/v2\/media\/10802"}],"wp:attachment":[{"href":"https:\/\/www.actualidadadiario.com\/index.php\/wp-json\/wp\/v2\/media?parent=10801"}],"wp:term":[{"taxonomy":"category","embeddable":true,"href":"https:\/\/www.actualidadadiario.com\/index.php\/wp-json\/wp\/v2\/categories?post=10801"},{"taxonomy":"post_tag","embeddable":true,"href":"https:\/\/www.actualidadadiario.com\/index.php\/wp-json\/wp\/v2\/tags?post=10801"}],"curies":[{"name":"wp","href":"https:\/\/api.w.org\/{rel}","templated":true}]}}