{"id":10795,"date":"2017-04-28T09:51:26","date_gmt":"2017-04-28T12:51:26","guid":{"rendered":"http:\/\/actualidadadiario.com\/site\/?p=10795"},"modified":"2017-04-28T09:51:26","modified_gmt":"2017-04-28T12:51:26","slug":"declaran-la-emergencia-por-violencia-de-genero-en-villa-maria","status":"publish","type":"post","link":"https:\/\/www.actualidadadiario.com\/index.php\/2017\/04\/28\/declaran-la-emergencia-por-violencia-de-genero-en-villa-maria\/","title":{"rendered":"Declaran la emergencia por violencia de g\u00e9nero en Villa Mar\u00eda"},"content":{"rendered":"<p><em><strong>Tras la reciente muerte de una joven atacada y asesinada cuando regresaba de bailar, el Concejo Deliberante de la ciudad cordobesa sancion\u00f3 un proyecto que alienta al Ejecutivo Municipal a que \u201ccontin\u00fae y profundice acciones en la promoci\u00f3n y desarrollo de pol\u00edticas p\u00fablicas destinadas a la prevenci\u00f3n, asistencia, contenci\u00f3n y asesoramiento hacia las mujeres v\u00edctimas de violencia\u201d<\/strong><\/em><\/p>\n<p>&nbsp;<\/p>\n<p>&nbsp;<\/p>\n<p>&nbsp;<\/p>\n<p>El Concejo Deliberante de Villa Mar\u00eda, C\u00f3rdoba, declar\u00f3 este jueves la emergencia en violencia de g\u00e9nero en la ciudad, tras la muerte de Tamara C\u00f3rdoba, la joven atacada y asesinada cuando regresaba de bailar en Villa Nueva, localidad cercana.<\/p>\n<p>&nbsp;<\/p>\n<p>El proyecto alienta al Departamento Ejecutivo Municipal a que &#8220;contin\u00fae y profundice las acciones en la promoci\u00f3n, desarrollo, elaboraci\u00f3n de pol\u00edticas p\u00fablicas destinadas a la prevenci\u00f3n, asistencia, contenci\u00f3n y asesoramiento hacia las mujeres v\u00edctimas de violencia\u201d, de acuerdo con la agencia T\u00e9lam.<\/p>\n<p>&nbsp;<\/p>\n<p>La iniciativa, adem\u00e1s, busca \u201cincrementar el personal t\u00e9cnico y administrativo en los dispositivos de atenci\u00f3n, con el fin de garantizar la inmediata atenci\u00f3n en las \u00e1reas psicol\u00f3gica, sanitaria, social, laboral y jur\u00eddica\u201d de las v\u00edctimas.<\/p>\n<p>&nbsp;<\/p>\n<p>Tambi\u00e9n se prev\u00e9 la conformaci\u00f3n de un Centro de Estudios sobre Violencia Familiar para la atenci\u00f3n y reeducaci\u00f3n de personas que han ejercido o ejercen violencia, a los fines previstos por la Ley N\u00ba 26.485 (Protecci\u00f3n Integral de Violencia contra las Mujeres).<\/p>\n<p>&nbsp;<\/p>\n<p>Por \u00faltimo, la resoluci\u00f3n contempla la \u201cimplementaci\u00f3n de un programa de acompa\u00f1ante comunitario, para el sostenimiento de las estrategias de autovalidamiento de la mujer\u201d.<\/p>\n<p>&nbsp;<\/p>\n<p>Los legisladores solicitaron que el Municipio villamariense coordine acciones y pol\u00edticas con la Administraci\u00f3n Municipal de Villa Nueva\u201d, que tambi\u00e9n declar\u00f3 por unanimidad la emergencia por violencia de g\u00e9nero.<\/p>\n","protected":false},"excerpt":{"rendered":"<p>Tras la reciente muerte de una joven atacada y asesinada cuando regresaba de bailar, el Concejo Deliberante de la ciudad cordobesa sancion\u00f3 un proyecto que alienta al Ejecutivo Municipal a que \u201ccontin\u00fae y profundice acciones en la promoci\u00f3n y desarrollo de pol\u00edticas p\u00fablicas destinadas a la prevenci\u00f3n, asistencia, contenci\u00f3n y asesoramiento hacia las mujeres v\u00edctimas de violencia\u201d &nbsp; &nbsp; &nbsp; El Concejo Deliberante de Villa Mar\u00eda, C\u00f3rdoba, declar\u00f3 este jueves la emergencia en violencia de g\u00e9nero en la ciudad, tras la muerte de Tamara C\u00f3rdoba, la joven atacada y asesinada&#8230;<\/p>\n","protected":false},"author":3,"featured_media":10796,"comment_status":"closed","ping_status":"closed","sticky":false,"template":"","format":"standard","meta":[],"categories":[4],"tags":[],"_links":{"self":[{"href":"https:\/\/www.actualidadadiario.com\/index.php\/wp-json\/wp\/v2\/posts\/10795"}],"collection":[{"href":"https:\/\/www.actualidadadiario.com\/index.php\/wp-json\/wp\/v2\/posts"}],"about":[{"href":"https:\/\/www.actualidadadiario.com\/index.php\/wp-json\/wp\/v2\/types\/post"}],"author":[{"embeddable":true,"href":"https:\/\/www.actualidadadiario.com\/index.php\/wp-json\/wp\/v2\/users\/3"}],"replies":[{"embeddable":true,"href":"https:\/\/www.actualidadadiario.com\/index.php\/wp-json\/wp\/v2\/comments?post=10795"}],"version-history":[{"count":1,"href":"https:\/\/www.actualidadadiario.com\/index.php\/wp-json\/wp\/v2\/posts\/10795\/revisions"}],"predecessor-version":[{"id":10797,"href":"https:\/\/www.actualidadadiario.com\/index.php\/wp-json\/wp\/v2\/posts\/10795\/revisions\/10797"}],"wp:featuredmedia":[{"embeddable":true,"href":"https:\/\/www.actualidadadiario.com\/index.php\/wp-json\/wp\/v2\/media\/10796"}],"wp:attachment":[{"href":"https:\/\/www.actualidadadiario.com\/index.php\/wp-json\/wp\/v2\/media?parent=10795"}],"wp:term":[{"taxonomy":"category","embeddable":true,"href":"https:\/\/www.actualidadadiario.com\/index.php\/wp-json\/wp\/v2\/categories?post=10795"},{"taxonomy":"post_tag","embeddable":true,"href":"https:\/\/www.actualidadadiario.com\/index.php\/wp-json\/wp\/v2\/tags?post=10795"}],"curies":[{"name":"wp","href":"https:\/\/api.w.org\/{rel}","templated":true}]}}