{"id":10789,"date":"2017-04-28T09:50:04","date_gmt":"2017-04-28T12:50:04","guid":{"rendered":"http:\/\/actualidadadiario.com\/site\/?p=10789"},"modified":"2017-04-28T09:50:04","modified_gmt":"2017-04-28T12:50:04","slug":"una-huelga-general-desafia-las-reformas-del-gobierno-brasileno","status":"publish","type":"post","link":"https:\/\/www.actualidadadiario.com\/index.php\/2017\/04\/28\/una-huelga-general-desafia-las-reformas-del-gobierno-brasileno\/","title":{"rendered":"Una huelga general desaf\u00eda las reformas del Gobierno brasile\u00f1o"},"content":{"rendered":"<p><em><strong>Los sindicatos logran el apoyo a la protesta de la Iglesia y de algunos aliados pol\u00edticos del presidente<\/strong><\/em><\/p>\n<p>&nbsp;<\/p>\n<p>&nbsp;<\/p>\n<p>&nbsp;<\/p>\n<p>El Gobierno de Brasil se juega su futuro en los pr\u00f3ximos d\u00edas. Asediado por los esc\u00e1ndalos de corrupci\u00f3n y hundido en las encuestas, el presidente, Michel Temer, lo ha apostado todo a un programa de reformas que incluye un cambio en las leyes laborales y un recorte en el sistema de pensiones. Los sindicatos han decidido desafiarlo en la calle y este viernes lo someter\u00e1n a una prueba de fuego con la convocatoria de una huelga general que ha encontrado apoyos inesperados m\u00e1s all\u00e1 del \u00e1mbito tradicional de la izquierda.<\/p>\n<p>&nbsp;<\/p>\n<p>\u201cLa huelga general puede ser el test m\u00e1s dif\u00edcil para el Gobierno\u201d. Ese tuit es de hace cuatro a\u00f1os y se refer\u00eda al Ejecutivo de Dilma Rousseff, la presidenta depuesta en septiembre pasado por una maniobra que coloc\u00f3 al frente del pa\u00eds a su hasta entonces vicepresidente, Michel Temer. El autor de la frase, el empresario Jo\u00e3o Doria, es ahora el alcalde de S\u00e3o Paulo por el Partido Social Dem\u00f3crata Brasile\u00f1o (PSDB), uno de los principales apoyos de Temer. Doria se ha empe\u00f1ado tanto en los \u00faltimos d\u00edas en hacer fracasar la huelga que hasta ha llegado a un acuerdo con empresas de taxis para trasladar gratis a los funcionarios que deseen acudir al trabajo.<\/p>\n<p>&nbsp;<\/p>\n<p>Lo que val\u00eda en 2013 para el Gobierno de Rousseff tambi\u00e9n vale ahora para Temer. La convocatoria de huelga es un examen decisivo que puede marcar el futuro de un presidente que en sus nueve meses en el cargo se ha enfrentado a una carrera de obst\u00e1culos de la que, por ahora, ha salido incinerado. La \u00faltima encuesta de opini\u00f3n conocida esta semana, del instituto Ipsos, se\u00f1ala que apenas el 4% de los brasile\u00f1os apoya al Gobierno de centro derecha que se presentaba como el salvador del pa\u00eds ante la crisis econ\u00f3mica y las sospechas de corrupci\u00f3n que sacud\u00edan al izquierdista Partido de los Trabajadores despu\u00e9s de 13 a\u00f1os en el poder. La econom\u00eda se ha ido recuperando y todas las previsiones indican que el PIB de Brasil crecer\u00e1 levemente este a\u00f1o tras caer un 3,8% en 2015 y un 3,6% en 2016. Pero la situaci\u00f3n pol\u00edtica ha seguido deterior\u00e1ndose irremediablemente.<\/p>\n<p>&nbsp;<\/p>\n<p>Al margen de la exhibici\u00f3n de poder sindical, la protesta de hoy ser\u00e1 el primer term\u00f3metro para medir en la calle la posible incidencia de la difusi\u00f3n p\u00fablica de la llamada dela\u00e7\u00e3o do fim do mundo, las confesiones ante la justicia de los exdirectivos de la mayor constructora del pa\u00eds que han puesto al descubierto una monumental trama de corrupci\u00f3n. Las revelaciones han vuelto a golpear duramente al PT y a su l\u00edder, el expresidente Luiz In\u00e1cio Lula da Silva, pero han dejado malherido a todo el sistema pol\u00edtico. El Gobierno tiene a ocho ministros investigados por el Tribunal Supremo y el propio Temer se ha librado \u00fanicamente por la protecci\u00f3n legal que le brinda la Constituci\u00f3n, pese a que la fiscal\u00eda general de la Rep\u00fablica constat\u00f3 la existencia de indicios contra \u00e9l.<\/p>\n<p>&nbsp;<\/p>\n<p>La reacci\u00f3n de Temer ha sido un intento de enterrar la corrupci\u00f3n acelerando un plan de reformas econ\u00f3micas que cuenta con el respaldo de los grandes sectores empresariales y de instituciones internacionales como el FMI. La reciente visita al pa\u00eds del presidente del Gobierno espa\u00f1ol, Mariano Rajoy, el primer mandatario europeo que acud\u00eda a ver a un Temer con escasos apoyos pol\u00edticos fuera de Brasil, sirvi\u00f3 para ilustrar el tama\u00f1o de la apuesta. Temer proclam\u00f3 que su inspiraci\u00f3n es Rajoy, y este le dio un consejo en p\u00fablico: que desoiga a la calle, olvide los posibles da\u00f1os electorales y prosiga adelante contra viento y marea.<\/p>\n<p>&nbsp;<\/p>\n<p>Los riesgos para Temer son enormes. Brasil es uno de los pa\u00edses americanos con mayor tradici\u00f3n sindical. La primera huelga general se remonta a 1917 y hace 73 a\u00f1os el presidente Getulio Vargas aprob\u00f3 las leyes de protecci\u00f3n al trabajo hasta ahora considerado casi intocable. Incluso un sindicalista sin formaci\u00f3n acad\u00e9mica, Lula, logr\u00f3 a principios de este siglo alcanzar la presidencia del pa\u00eds. Al margen de esas ra\u00edces hist\u00f3ricas, la convocatoria ha logrado apoyos que van m\u00e1s all\u00e1 del mundo sindical. A ella se han adherido desde profesores de colegios de \u00e9lite a algunos obispos, despu\u00e9s de que la jerarqu\u00eda cat\u00f3lica brasile\u00f1a criticase la reforma de las pensiones y hasta el papa Francisco enviase al presidente una carta afe\u00e1ndole algunos aspectos de su pol\u00edtica. Como m\u00ednimo la paralizaci\u00f3n del transporte \u2013incluido el a\u00e9reo- parece garantizada en las mayores ciudades.<\/p>\n<p>&nbsp;<\/p>\n<p>Entre los que se suman a la protesta hay tambi\u00e9n aliados pol\u00edticos de Temer. Y ese es ahora el principal de sus numerosos problemas. Aunque el mi\u00e9rcoles logr\u00f3 aprobar inicialmente la reforma laboral, la primera gran modificaci\u00f3n de las a\u00f1ejas normas de la \u00e9poca de Vargas, los partidos que le apoyan sufrieron deserciones. Para sacar adelante su gran apuesta, la revisi\u00f3n de las pensiones, necesita una mayor\u00eda cualificada. No le va a resultar f\u00e1cil porque la medida es la que m\u00e1s contestaci\u00f3n ha suscitado. Y un hipot\u00e9tico \u00e9xito de la huelga podr\u00eda agravar las defecciones entre sus aliados.<\/p>\n","protected":false},"excerpt":{"rendered":"<p>Los sindicatos logran el apoyo a la protesta de la Iglesia y de algunos aliados pol\u00edticos del presidente &nbsp; &nbsp; &nbsp; El Gobierno de Brasil se juega su futuro en los pr\u00f3ximos d\u00edas. Asediado por los esc\u00e1ndalos de corrupci\u00f3n y hundido en las encuestas, el presidente, Michel Temer, lo ha apostado todo a un programa de reformas que incluye un cambio en las leyes laborales y un recorte en el sistema de pensiones. Los sindicatos han decidido desafiarlo en la calle y este viernes lo someter\u00e1n a una prueba de&#8230;<\/p>\n","protected":false},"author":3,"featured_media":10790,"comment_status":"closed","ping_status":"closed","sticky":false,"template":"","format":"standard","meta":[],"categories":[4],"tags":[],"_links":{"self":[{"href":"https:\/\/www.actualidadadiario.com\/index.php\/wp-json\/wp\/v2\/posts\/10789"}],"collection":[{"href":"https:\/\/www.actualidadadiario.com\/index.php\/wp-json\/wp\/v2\/posts"}],"about":[{"href":"https:\/\/www.actualidadadiario.com\/index.php\/wp-json\/wp\/v2\/types\/post"}],"author":[{"embeddable":true,"href":"https:\/\/www.actualidadadiario.com\/index.php\/wp-json\/wp\/v2\/users\/3"}],"replies":[{"embeddable":true,"href":"https:\/\/www.actualidadadiario.com\/index.php\/wp-json\/wp\/v2\/comments?post=10789"}],"version-history":[{"count":1,"href":"https:\/\/www.actualidadadiario.com\/index.php\/wp-json\/wp\/v2\/posts\/10789\/revisions"}],"predecessor-version":[{"id":10791,"href":"https:\/\/www.actualidadadiario.com\/index.php\/wp-json\/wp\/v2\/posts\/10789\/revisions\/10791"}],"wp:featuredmedia":[{"embeddable":true,"href":"https:\/\/www.actualidadadiario.com\/index.php\/wp-json\/wp\/v2\/media\/10790"}],"wp:attachment":[{"href":"https:\/\/www.actualidadadiario.com\/index.php\/wp-json\/wp\/v2\/media?parent=10789"}],"wp:term":[{"taxonomy":"category","embeddable":true,"href":"https:\/\/www.actualidadadiario.com\/index.php\/wp-json\/wp\/v2\/categories?post=10789"},{"taxonomy":"post_tag","embeddable":true,"href":"https:\/\/www.actualidadadiario.com\/index.php\/wp-json\/wp\/v2\/tags?post=10789"}],"curies":[{"name":"wp","href":"https:\/\/api.w.org\/{rel}","templated":true}]}}