{"id":107850,"date":"2023-09-12T13:57:36","date_gmt":"2023-09-12T16:57:36","guid":{"rendered":"https:\/\/www.actualidadadiario.com\/?p=107850"},"modified":"2023-09-12T13:57:36","modified_gmt":"2023-09-12T16:57:36","slug":"massa-defendio-a-la-educacion-publica-y-se-expreso-a-favor-de-aumentar-la-inversion-en-ese-sector","status":"publish","type":"post","link":"https:\/\/www.actualidadadiario.com\/index.php\/2023\/09\/12\/massa-defendio-a-la-educacion-publica-y-se-expreso-a-favor-de-aumentar-la-inversion-en-ese-sector\/","title":{"rendered":"Massa defendi\u00f3 a la educaci\u00f3n p\u00fablica y se expres\u00f3 a favor de aumentar la inversi\u00f3n en ese sector"},"content":{"rendered":"<p style=\"text-align: center;\"><em><strong>El ministro de Econom\u00eda y candidato presidencial particip\u00f3 de la presentaci\u00f3n del proyecto de Ley de Financiamiento Educativo<\/strong><\/em><\/p>\n<p>&nbsp;<\/p>\n<p>&nbsp;<\/p>\n<p>El ministro de Econom\u00eda, Sergio Massa, defendi\u00f3 la educaci\u00f3n p\u00fablica y gratuita y consider\u00f3 necesario aumentar la inversi\u00f3n en ese sector, a partir del proyecto de Ley de Financiamiento Educativo que el Gobierno remitir\u00e1 al Congreso.<\/p>\n<p>&#8220;Creemos en una Argentina con educaci\u00f3n p\u00fablica gratuita, de calidad, inclusiva y sobre todo federal. La inversi\u00f3n que hace un Estado en materia educativa permite construir la mayor riqueza que puede tener una sociedad, que es la construcci\u00f3n de capital humano, que es lo que saca adelante a cualquier pa\u00eds&#8221;, enfatiz\u00f3 el candidato presidencial de Uni\u00f3n por la Patria.<\/p>\n<p>En ese sentido, resalt\u00f3: &#8220;tenemos que seguir ampliando la oferta universitaria p\u00fablica en la Argentina&#8221;.<\/p>\n<p>Massa se expres\u00f3 as\u00ed junto a los ministros de Educaci\u00f3n, Jaime Perczyk, y del Interior, Eduardo De Pedro, durante la presentaci\u00f3n del proyecto de Ley de Financiamiento Educativo en el Centro Cultural Kirchner.<\/p>\n<p>Esa iniciativa promueve llevar al 8% del PBI &#8220;el objetivo de inversi\u00f3n&#8221; estatal en educaci\u00f3n, destac\u00f3 Massa, quien a la vez reclam\u00f3 a la comunidad educativa &#8220;acompa\u00f1ar al proyecto durante su debate parlamentario, para que aquellos que quieran recortar recursos para el sistema se lo digan en la cara a los docentes y estudiantes&#8221;.<\/p>\n<p>En una cr\u00edtica directa a la oposici\u00f3n, aunque sin dar nombres, el ministro enfatiz\u00f3: &#8220;en estos d\u00edas se llenaron la boca diciendo que a la pobreza se la combat\u00eda con educaci\u00f3n, y ahora resulta que para acceder a la educaci\u00f3n quieren cobrar. Esos est\u00e1n para el psiquiatra&#8221;.<\/p>\n<p>&#8220;Por eso, tenemos que proponernos que en la Argentina el equilibrio, la prudencia, la responsabilidad, sean valores que se midan a la hora de elegir gobernantes&#8221;, enfatiz\u00f3.<\/p>\n<p>Massa consider\u00f3 adem\u00e1s que &#8220;es clave atacar al grupo m\u00e1s vulnerable con inversi\u00f3n fuerte, el de primera infancia, porque ah\u00ed jugamos la mitad de la carrera de igualdad de oportunidades para los pibes. Es ah\u00ed donde primero tenemos que invertir&#8221;.<\/p>\n<p>Tambi\u00e9n, propuso &#8220;invertir fuerte en capacitaci\u00f3n para nuestros docentes en nuevas tecnolog\u00edas, para que no tenga desventajas con el alumno&#8221;, para lo cual estim\u00f3 que resulta &#8220;clave que en cuarto y quinto a\u00f1o, rob\u00f3tica y programaci\u00f3n sean materias obligatorias en la Argentina, para que tengan las m\u00ednimas herramientas de salida para el mundo del trabajo&#8221;.<\/p>\n<p>&#8220;Tenemos que animarnos a construir en el sistema universitario un r\u00e9gimen de carreras cortas asociadas al proceso de la tecnolog\u00eda y la industrializaci\u00f3n, con salida laboral. Eso es adaptar a nuestro sistema educativo las nuevas realidades&#8221;, a\u00f1adi\u00f3.<\/p>\n","protected":false},"excerpt":{"rendered":"<p>El ministro de Econom\u00eda y candidato presidencial particip\u00f3 de la presentaci\u00f3n del proyecto de Ley de Financiamiento Educativo &nbsp; &nbsp; El ministro de Econom\u00eda, Sergio Massa, defendi\u00f3 la educaci\u00f3n p\u00fablica y gratuita y consider\u00f3 necesario aumentar la inversi\u00f3n en ese sector, a partir del proyecto de Ley de Financiamiento Educativo que el Gobierno remitir\u00e1 al Congreso. &#8220;Creemos en una Argentina con educaci\u00f3n p\u00fablica gratuita, de calidad, inclusiva y sobre todo federal. La inversi\u00f3n que hace un Estado en materia educativa permite construir la mayor riqueza que puede tener una sociedad,&#8230;<\/p>\n","protected":false},"author":3,"featured_media":107851,"comment_status":"closed","ping_status":"closed","sticky":false,"template":"","format":"standard","meta":[],"categories":[9],"tags":[],"_links":{"self":[{"href":"https:\/\/www.actualidadadiario.com\/index.php\/wp-json\/wp\/v2\/posts\/107850"}],"collection":[{"href":"https:\/\/www.actualidadadiario.com\/index.php\/wp-json\/wp\/v2\/posts"}],"about":[{"href":"https:\/\/www.actualidadadiario.com\/index.php\/wp-json\/wp\/v2\/types\/post"}],"author":[{"embeddable":true,"href":"https:\/\/www.actualidadadiario.com\/index.php\/wp-json\/wp\/v2\/users\/3"}],"replies":[{"embeddable":true,"href":"https:\/\/www.actualidadadiario.com\/index.php\/wp-json\/wp\/v2\/comments?post=107850"}],"version-history":[{"count":1,"href":"https:\/\/www.actualidadadiario.com\/index.php\/wp-json\/wp\/v2\/posts\/107850\/revisions"}],"predecessor-version":[{"id":107852,"href":"https:\/\/www.actualidadadiario.com\/index.php\/wp-json\/wp\/v2\/posts\/107850\/revisions\/107852"}],"wp:featuredmedia":[{"embeddable":true,"href":"https:\/\/www.actualidadadiario.com\/index.php\/wp-json\/wp\/v2\/media\/107851"}],"wp:attachment":[{"href":"https:\/\/www.actualidadadiario.com\/index.php\/wp-json\/wp\/v2\/media?parent=107850"}],"wp:term":[{"taxonomy":"category","embeddable":true,"href":"https:\/\/www.actualidadadiario.com\/index.php\/wp-json\/wp\/v2\/categories?post=107850"},{"taxonomy":"post_tag","embeddable":true,"href":"https:\/\/www.actualidadadiario.com\/index.php\/wp-json\/wp\/v2\/tags?post=107850"}],"curies":[{"name":"wp","href":"https:\/\/api.w.org\/{rel}","templated":true}]}}