{"id":107843,"date":"2023-09-12T13:43:48","date_gmt":"2023-09-12T16:43:48","guid":{"rendered":"https:\/\/www.actualidadadiario.com\/?p=107843"},"modified":"2023-09-12T13:43:48","modified_gmt":"2023-09-12T16:43:48","slug":"la-geopolitica-cambia-y-con-ello-aumenta-el-riesgo-de-la-violencia-militar","status":"publish","type":"post","link":"https:\/\/www.actualidadadiario.com\/index.php\/2023\/09\/12\/la-geopolitica-cambia-y-con-ello-aumenta-el-riesgo-de-la-violencia-militar\/","title":{"rendered":"&#8220;La geopol\u00edtica cambia y con ello aumenta el riesgo de la violencia militar&#8221;"},"content":{"rendered":"<p style=\"text-align: center;\"><em><strong>El Presidente afirm\u00f3 que \u201cla geopol\u00edtica en el mundo est\u00e1 cambiando y eso aumenta el riesgo de la violencia militar\u201d, al encabezar la apertura de la II Conferencia de Am\u00e9rica Latina y del Caribe sobre Operaciones de Paz de la Organizaci\u00f3n de las Naciones Unidas (ALCONU)<\/strong><\/em><\/p>\n<p>&nbsp;<\/p>\n<p>&nbsp;<\/p>\n<p>El presidente Alberto Fern\u00e1ndez afirm\u00f3 este martes que \u201cla geopol\u00edtica en el mundo est\u00e1 cambiando y eso aumenta el riesgo de la violencia militar\u201d, defendi\u00f3 el multilateralismo y pidi\u00f3 replicar en todo el mundo &#8220;el modelo de soluci\u00f3n pac\u00edfica de los conflictos&#8221; que est\u00e1 vigente en Am\u00e9rica Latina.<\/p>\n<p>El mandatario formul\u00f3 estas consideraciones al encabezar la apertura de la II Conferencia de Am\u00e9rica Latina y del Caribe sobre Operaciones de Paz de la Organizaci\u00f3n de las Naciones Unidas (Alconu) que se desarrolla en el porte\u00f1o Edificio Libertador.<\/p>\n<p>En ese \u00e1mbito, el jefe de Estado llam\u00f3 tambi\u00e9n a respetar los derechos y obligaciones de la Carta de la ONU como si fuera una \u201cConstituci\u00f3n mundial\u201d.<\/p>\n<p>\u201cEl multilateralismo nos exige respeto a los principios de las Naciones Unidas, que es la carta com\u00fan como sistema mundial. La carta de la ONU es nuestra constituci\u00f3n mundial y no respetarla es como si yo no respetara la Constituci\u00f3n Argentina\u201d, se\u00f1al\u00f3 Fern\u00e1ndez ante un auditorio colmado de autoridades militares de diversos pa\u00edses de la regi\u00f3n y del mundo.<\/p>\n<p>Acompa\u00f1ado por los ministros de Defensa, Jorge Taiana, y de Relaciones Exteriores, Santiago Cafiero, y por el secretario general adjunto de Operaciones de Paz, Jean-Pierre Lacroix, el Presidente destac\u00f3 la zona de paz de las Am\u00e9ricas como un ejemplo a seguir.<\/p>\n<p>\u201cNosotros que somos Am\u00e9rica Latina, que somos una regi\u00f3n de Paz, que aprendimos a resolver nuestros conflictos con di\u00e1logo, con Diplomacia, que no nos amenazamos militarmente cuando tenemos un conflicto, que no desarrollamos armas de destrucci\u00f3n masiva, tenemos que hacer que esa l\u00f3gica se imponga en todo el mundo\u201d, remarc\u00f3 el jefe de Estado.<\/p>\n<p>Adem\u00e1s, Fern\u00e1ndez indic\u00f3 que ese no es un camino \u201cf\u00e1cil, porque muchos siguen arm\u00e1ndose, sofisticando sus armamentos\u201d.<\/p>\n<p>\u201cLas guerras a control remoto \u00bfEso nos hace una mejor humanidad? No, nos hace peores. el primer prop\u00f3sito para defender a sus pa\u00edses sea la paz mundial, que el primer prop\u00f3sito sea desarmar al mundo, armemos al mundo de alimentos\u201d, observ\u00f3.<\/p>\n<p>Bajo la Presidencia Pro Tempore de Argentina, el evento congrega a los ministros de Defensa y autoridades de 24 pa\u00edses con el objetivo de consolidar la articulaci\u00f3n entre los pa\u00edses de la regi\u00f3n para el mantenimiento de las operaciones de paz de Naciones Unidas.<\/p>\n<p>Al respecto, Taiana subray\u00f3 que \u201cArgentina participa en las operaciones de mantenimiento de la paz de la ONU desde el a\u00f1o 1958, constituy\u00e9ndose en un compromiso y en una verdadera pol\u00edtica de Estado, y desde entonces hemos participado en 30 misiones\u201d, y resalt\u00f3 que \u201cen los \u00faltimos tres a\u00f1os de gesti\u00f3n se ha duplicado la presencia argentina en operaciones en el mundo&#8221;.<\/p>\n<p>Durante el Gobierno de Alberto Fern\u00e1ndez, las Fuerzas Armadas pasaron de tener presencia en cuatro a ocho misiones: a las de Chipre, Sahara Occidental, Medio Oriente y Rep\u00fablica Centroafricana, se sumaron las de Colombia, India y Pakist\u00e1n, L\u00edbano y Altos del Gol\u00e1n, una zona en disputa entre Siria e Israel.<\/p>\n<p>Por su parte, el canciller Cafiero destac\u00f3 que las operaciones de mantenimiento de paz son &#8220;uno de los pilares de la pol\u00edtica exterior argentina&#8221; y a\u00f1adi\u00f3 que el pa\u00eds &#8220;cree en ese multilateralismo solidario y cooperativo y profesa la defensa de los derechos humanos&#8221;.<\/p>\n<p>&#8220;En este sentido las operaciones de paz ejercen ese doble rol: la b\u00fasqueda pac\u00edfica en la soluci\u00f3n de controversias y tambi\u00e9n -en el territorio- la defensa de los derechos humanos\u201d, a\u00f1adi\u00f3 el titular del Palacio San Mart\u00edn.<\/p>\n<p>A su turno, Jean-Pierre Lacroix sostuvo que &#8220;las operaciones de paz no son una varita m\u00e1gica que permiten a los Estados recuperar su estabilidad de manera inmediata, pero son la confirmaci\u00f3n de un compromiso internacional para preservar los ceses al fuego, prevenir la reanudaci\u00f3n de hostilidades y asegurar la protecci\u00f3n de civiles\u201d.<\/p>\n<p>\u201cEn este esfuerzo, el compromiso de los Estados latinoamericanos y caribe\u00f1os con las operaciones de paz de la ONU contribuir\u00e1 a los esfuerzos para que la humanidad pueda vivir en un mundo m\u00e1s seguro\u201d, se\u00f1al\u00f3 el secretario.<\/p>\n<p>El encuentro tiene el objetivo &#8220;de consolidar la articulaci\u00f3n en relaci\u00f3n a las Operaciones de Mantenimiento de la Paz de las Naciones Unidas&#8221; y servir\u00e1 para aprobar el estatuto de la \u201cRed Latinoamericana y del Caribe para la cooperaci\u00f3n del mantenimiento de la Paz\u201d que fue creada en Lima en el 2022.<\/p>\n<p>Se trata del primer mecanismo institucional en la regi\u00f3n y del mundo para la cooperaci\u00f3n en materia de mantenimiento de la paz bajo mandato de la ONU.<\/p>\n<p>El encuentro cuenta con la presencia de autoridades de Defensa de Brasil, Uruguay, Paraguay, Per\u00fa, Bahamas y Hait\u00ed; y autoridades gubernamentales y de las Fuerzas Armadas de Antigua y Barbuda, Barbados, Belice, Bolivia, Colombia, Rep\u00fablica Dominicana, Ecuador, Guatemala, Guyana y M\u00e9xico.<\/p>\n<p>Asimismo, participar\u00e1n como observadores representantes de Espa\u00f1a, Canad\u00e1, India, China, Eslovenia, Pakist\u00e1n y Francia.<\/p>\n<p>Durante el a\u00f1o pasado, la Argentina contribuy\u00f3 con m\u00e1s de 280 efectivos en ocho misiones, realizadas en Chipre, Colombia, Sahara Occidental, Rep\u00fablica Centroafricana, Medio Oriente, Sud\u00e1n del Sur, India y Pakist\u00e1n y el L\u00edbano.<\/p>\n","protected":false},"excerpt":{"rendered":"<p>El Presidente afirm\u00f3 que \u201cla geopol\u00edtica en el mundo est\u00e1 cambiando y eso aumenta el riesgo de la violencia militar\u201d, al encabezar la apertura de la II Conferencia de Am\u00e9rica Latina y del Caribe sobre Operaciones de Paz de la Organizaci\u00f3n de las Naciones Unidas (ALCONU) &nbsp; &nbsp; El presidente Alberto Fern\u00e1ndez afirm\u00f3 este martes que \u201cla geopol\u00edtica en el mundo est\u00e1 cambiando y eso aumenta el riesgo de la violencia militar\u201d, defendi\u00f3 el multilateralismo y pidi\u00f3 replicar en todo el mundo &#8220;el modelo de soluci\u00f3n pac\u00edfica de los conflictos&#8221;&#8230;<\/p>\n","protected":false},"author":3,"featured_media":107844,"comment_status":"closed","ping_status":"closed","sticky":false,"template":"","format":"standard","meta":[],"categories":[18],"tags":[],"_links":{"self":[{"href":"https:\/\/www.actualidadadiario.com\/index.php\/wp-json\/wp\/v2\/posts\/107843"}],"collection":[{"href":"https:\/\/www.actualidadadiario.com\/index.php\/wp-json\/wp\/v2\/posts"}],"about":[{"href":"https:\/\/www.actualidadadiario.com\/index.php\/wp-json\/wp\/v2\/types\/post"}],"author":[{"embeddable":true,"href":"https:\/\/www.actualidadadiario.com\/index.php\/wp-json\/wp\/v2\/users\/3"}],"replies":[{"embeddable":true,"href":"https:\/\/www.actualidadadiario.com\/index.php\/wp-json\/wp\/v2\/comments?post=107843"}],"version-history":[{"count":1,"href":"https:\/\/www.actualidadadiario.com\/index.php\/wp-json\/wp\/v2\/posts\/107843\/revisions"}],"predecessor-version":[{"id":107845,"href":"https:\/\/www.actualidadadiario.com\/index.php\/wp-json\/wp\/v2\/posts\/107843\/revisions\/107845"}],"wp:featuredmedia":[{"embeddable":true,"href":"https:\/\/www.actualidadadiario.com\/index.php\/wp-json\/wp\/v2\/media\/107844"}],"wp:attachment":[{"href":"https:\/\/www.actualidadadiario.com\/index.php\/wp-json\/wp\/v2\/media?parent=107843"}],"wp:term":[{"taxonomy":"category","embeddable":true,"href":"https:\/\/www.actualidadadiario.com\/index.php\/wp-json\/wp\/v2\/categories?post=107843"},{"taxonomy":"post_tag","embeddable":true,"href":"https:\/\/www.actualidadadiario.com\/index.php\/wp-json\/wp\/v2\/tags?post=107843"}],"curies":[{"name":"wp","href":"https:\/\/api.w.org\/{rel}","templated":true}]}}