{"id":107840,"date":"2023-09-12T13:40:18","date_gmt":"2023-09-12T16:40:18","guid":{"rendered":"https:\/\/www.actualidadadiario.com\/?p=107840"},"modified":"2023-09-12T13:44:19","modified_gmt":"2023-09-12T16:44:19","slug":"massa-suma-al-jefe-de-campana-de-lula-para-meterse-en-el-ballotage","status":"publish","type":"post","link":"https:\/\/www.actualidadadiario.com\/index.php\/2023\/09\/12\/massa-suma-al-jefe-de-campana-de-lula-para-meterse-en-el-ballotage\/","title":{"rendered":"Massa suma al jefe de campa\u00f1a de Lula para meterse en el ballotage"},"content":{"rendered":"<p style=\"text-align: center;\"><em><strong>Edinho Silva recibi\u00f3 al equipo de Massa en San Pablo y mand\u00f3 a su gente a Buenos Aires. Los brasile\u00f1os trabajar\u00e1n en la estrategia en redes y el debate. Rumores de desplazamiento del catal\u00e1n Rub\u00ed<\/strong><\/em><\/p>\n<p>&nbsp;<\/p>\n<p>&nbsp;<\/p>\n<p>La semana pasada circul\u00f3 fuerte el rumor que Sergio Massa hab\u00eda corrido al catal\u00e1n Antoni Guti\u00e9rrez-Rubi del comando de su campa\u00f1a. La versi\u00f3n fue desmentida, pero este fin de semana en Tucum\u00e1n, el candidato aplic\u00f3 una profunda reestructuraci\u00f3n a su campa\u00f1a, sumando a Juan Manuel Olmos y su esposa Malena Galmarini, al comando que hasta ese momento estaba en manos del camporista Wado de Pedro.<\/p>\n<p>Ahora, seg\u00fan fuentes cercanas al presidente Lula da Silva, que el jefe de la campa\u00f1a que lo regres\u00f3 a la Presidencia, el Edihno Silva, se sumar\u00e1 al equipo de Massa. Si no es un desplazamiento del catal\u00e1n Rub\u00ed, se parece bastante.<\/p>\n<p>Es que el catal\u00e1n enfrenta cr\u00edticas internas porque m\u00e1s all\u00e1 de imponer cierto orden interno, sus propuestas un poco esquem\u00e1ticas no logran encender la \u00e9pica que suelen buscar los peronistas en sus campa\u00f1as. Como sea, la decisi\u00f3n de Massa de reestructurar su campa\u00f1a para asegurarse el ingreso al ballotage es evidente, aunque es l\u00f3gico que sus voceros le bajen el tono a la movida, para no transmitir sensaci\u00f3n de crisis.<\/p>\n<p>El ingreso del brasile\u00f1o Edinho Silva al equipo de Massa se termin\u00f3 de cerrar la semana pasada cuando el ministro de Econom\u00eda mand\u00f3 a gente de confianza a San Pablo a reunirse con el estratega. Massa ven\u00eda de reunirse con Lula en Brasilia y el presidente brasile\u00f1o no ahorr\u00f3 gestos en apoyo del ministro.<\/p>\n<p>M\u00e1s all\u00e1 de su cercan\u00eda ideol\u00f3gica al peronismo, Lula est\u00e1 preocupado por el impacto en la relaci\u00f3n bilateral de un eventual arribo de Milei al poder. Luego de empujar el ingreso de Argentina a los Brics y recibir a Massa en Brasilia, ahora el presidente brasile\u00f1o le cedi\u00f3 al ministro a su principal estratega electoral.<\/p>\n<p>Edinho Silva es un dirigente de mucho recorrido en el PT, fue concejal, diputado estadual y federal, presidente del Partido de los Trabajadores de San Pablo y secretario de Comunicaciones del gobierno de Dilma Rousseff en 2015. Adem\u00e1s, transita su tercer mandato como intendente de la ciudad paulista de Araraquara.<\/p>\n<p>Lula design\u00f3 como jefe de campa\u00f1a a Edinho Silva en un momento de fuerte desorden interno y cuando su &#8220;incontinencia verbal&#8221; amenazaba con descarrilar la candidatura.<\/p>\n<p>Fuentes del entorno de Edinho confirmaron la reuni\u00f3n con la gente de Massa en San Pablo y explicaron que se enfocar\u00e1n en las estrategia de redes y en la preparaci\u00f3n del primer debate presidencial.<\/p>\n<p>El diagn\u00f3stico compartido entre el equipo de Massa y los brasile\u00f1os es que la elecci\u00f3n va camino a una polarizaci\u00f3n extrema con Milei, similar a la pelea Lula-Bolsonaro del a\u00f1o pasado. Por eso, se buscar\u00e1 construir un discurso propio, aprovechar las capacidades de Massa como &#8220;comunicador nato&#8221; y dise\u00f1ar una estrategia en redes que pueda competir con la efectiva estrategia de Milei, tienen a Fernando Cerimedo como estratega digital. Cerimedo trabaj\u00f3 en la campa\u00f1a y el gobierno de Bolsonaro.<\/p>\n<p>Massa viene renegando hace rato de su campa\u00f1a digital, la ve muy acartonado e institucional y con poco gancho para el enorme electorado de los j\u00f3venes, que hoy se inclinan por Milei. Y es este precisamente el fuerte de Edinho Silva.<\/p>\n<p>El petista revel\u00f3 en octubre pasado que &#8220;cuando llegu\u00e9 a la campa\u00f1a de Lula, estaba la idea de ser mejor que el bolsonarismo en las redes, pero competir con algo que est\u00e1 funcionado desde junio 2013 es complicado. Todo comenz\u00f3 con las marchas justificadas contra el aumento del transporte e instal\u00f3 un clima de despolitizaci\u00f3n que fue aprovechado por la campa\u00f1a de Aecio Neves en 2014, creci\u00f3 con el golpe a Dilma en 2016 y termin\u00f3 organizado y capitalizado Bolsonaro en 2018&#8221;.<\/p>\n<p>&#8220;Es un fen\u00f3meno mayor que Bolsonaro pero fue capitalizado por \u00e9l. \u00bfC\u00f3mo competir con algo que tiene diez a\u00f1os de organizaci\u00f3n? Por eso nosotros organizamos lo que ten\u00edamos que era el apoyo de las centrales sindicales, diez partidos y movimientos sociales. Empezamos a trabajar eso, con lo que ten\u00edamos org\u00e1nicamente, no competimos con perfiles falsos, ni nada de eso&#8230;y fue un acierto porque nuestro crecimiento fue muy importante y nos dio una base org\u00e1nica fuerte en redes. Nuestro &#8220;producto&#8221; era muy bueno, como nuestro candidato, porque Lula en s\u00ed mismo es una estrategia&#8221;, agreg\u00f3 en ese momento.<\/p>\n<p>&#8220;Las fuerzas democr\u00e1ticas algo que no terminaron de entender es c\u00f3mo los autoritarios crearon esa relaci\u00f3n org\u00e1nica con lo digital. Yo pienso que pasa mucho porque en las redes se puede extrapolar un prejuicio o una agresi\u00f3n sin tener v\u00ednculo con la v\u00edctima del fascismo o machismo, es un anonimato impl\u00edcito o expl\u00edcito que establece una agresividad que legitima al autoritarismo&#8221;, dijo Edinho en ese reportaje.<\/p>\n<p>Los miembros del equipo de Edinho est\u00e1n en Buenos Aires desde el domingo y esperan quedarse hasta culminar el proceso electoral.<\/p>\n","protected":false},"excerpt":{"rendered":"<p>Edinho Silva recibi\u00f3 al equipo de Massa en San Pablo y mand\u00f3 a su gente a Buenos Aires. Los brasile\u00f1os trabajar\u00e1n en la estrategia en redes y el debate. Rumores de desplazamiento del catal\u00e1n Rub\u00ed &nbsp; &nbsp; La semana pasada circul\u00f3 fuerte el rumor que Sergio Massa hab\u00eda corrido al catal\u00e1n Antoni Guti\u00e9rrez-Rubi del comando de su campa\u00f1a. La versi\u00f3n fue desmentida, pero este fin de semana en Tucum\u00e1n, el candidato aplic\u00f3 una profunda reestructuraci\u00f3n a su campa\u00f1a, sumando a Juan Manuel Olmos y su esposa Malena Galmarini, al comando&#8230;<\/p>\n","protected":false},"author":3,"featured_media":107841,"comment_status":"closed","ping_status":"closed","sticky":false,"template":"","format":"standard","meta":[],"categories":[18],"tags":[],"_links":{"self":[{"href":"https:\/\/www.actualidadadiario.com\/index.php\/wp-json\/wp\/v2\/posts\/107840"}],"collection":[{"href":"https:\/\/www.actualidadadiario.com\/index.php\/wp-json\/wp\/v2\/posts"}],"about":[{"href":"https:\/\/www.actualidadadiario.com\/index.php\/wp-json\/wp\/v2\/types\/post"}],"author":[{"embeddable":true,"href":"https:\/\/www.actualidadadiario.com\/index.php\/wp-json\/wp\/v2\/users\/3"}],"replies":[{"embeddable":true,"href":"https:\/\/www.actualidadadiario.com\/index.php\/wp-json\/wp\/v2\/comments?post=107840"}],"version-history":[{"count":1,"href":"https:\/\/www.actualidadadiario.com\/index.php\/wp-json\/wp\/v2\/posts\/107840\/revisions"}],"predecessor-version":[{"id":107842,"href":"https:\/\/www.actualidadadiario.com\/index.php\/wp-json\/wp\/v2\/posts\/107840\/revisions\/107842"}],"wp:featuredmedia":[{"embeddable":true,"href":"https:\/\/www.actualidadadiario.com\/index.php\/wp-json\/wp\/v2\/media\/107841"}],"wp:attachment":[{"href":"https:\/\/www.actualidadadiario.com\/index.php\/wp-json\/wp\/v2\/media?parent=107840"}],"wp:term":[{"taxonomy":"category","embeddable":true,"href":"https:\/\/www.actualidadadiario.com\/index.php\/wp-json\/wp\/v2\/categories?post=107840"},{"taxonomy":"post_tag","embeddable":true,"href":"https:\/\/www.actualidadadiario.com\/index.php\/wp-json\/wp\/v2\/tags?post=107840"}],"curies":[{"name":"wp","href":"https:\/\/api.w.org\/{rel}","templated":true}]}}