{"id":107834,"date":"2023-09-12T13:25:12","date_gmt":"2023-09-12T16:25:12","guid":{"rendered":"https:\/\/www.actualidadadiario.com\/?p=107834"},"modified":"2023-09-12T13:25:12","modified_gmt":"2023-09-12T16:25:12","slug":"debaten-en-diputados-un-proyecto-para-prevenir-el-abuso-sexual-infantil","status":"publish","type":"post","link":"https:\/\/www.actualidadadiario.com\/index.php\/2023\/09\/12\/debaten-en-diputados-un-proyecto-para-prevenir-el-abuso-sexual-infantil\/","title":{"rendered":"Debaten en Diputados un proyecto para prevenir el abuso sexual infantil"},"content":{"rendered":"<p style=\"text-align: center;\"><em><strong>La iniciativa fue aprobada por el Senado el 10 de diciembre de 2021 y apunta a crear protocolos de prevenci\u00f3n contra el abuso sexual infantil en diferentes \u00e1mbitos donde asistan ni\u00f1os, ni\u00f1as y adolescentes<\/strong><\/em><\/p>\n<p>&nbsp;<\/p>\n<p>&nbsp;<\/p>\n<p>Un plenario de la C\u00e1mara de Diputados se reunir\u00e1 desde el mediod\u00eda del martes para debatir sobre un proyecto que busca prevenir el abuso sexual infantil.<\/p>\n<p>Los integrantes de las comisiones de Familia, Ni\u00f1ez y Juventudes, a cargo de Roxana Reyes (UCR), y de Asuntos Cooperativos, Mutuales y de Organizaciones No Gubernamentales, que preside Jorge Vara (UCR), se reunir\u00e1n en el 2\u00b0 piso del Anexo &#8220;C&#8221; de la C\u00e1mara baja y, si le dan el visto bueno a la iniciativa, luego deber\u00e1 ser avalado por la comisi\u00f3n de Presupuesto y Hacienda.<\/p>\n<p>El proyecto fue aprobado por el Senado el 10 de diciembre de 2021 y apunta a crear protocolos de prevenci\u00f3n contra el abuso sexual infantil en diferentes \u00e1mbitos donde asistan ni\u00f1os, ni\u00f1as y adolescentes.<\/p>\n<p>La iniciativa, impulsada por la senadora santacruce\u00f1a Mar\u00eda Bel\u00e9n Tapia (UCR), establece que &#8220;toda instituci\u00f3n, organismo o establecimiento deportivo, social-recreativo, educativo, religioso o de cualquier otra \u00edndole, p\u00fablico o privado, que tenga a su cargo o involucre en sus actividades a ni\u00f1as, ni\u00f1os o adolescentes, debe disponer de un protocolo de prevenci\u00f3n y detecci\u00f3n del abuso sexual contra ni\u00f1as, ni\u00f1os y adolescentes&#8221;.<\/p>\n<p>De acuerdo al texto, la Secretar\u00eda Nacional de Ni\u00f1ez, Adolescencia y Familia, conjuntamente con los organismos provinciales de protecci\u00f3n de derechos, en el marco del Consejo Federal de Ni\u00f1ez, Adolescencia y Familia, establecer\u00e1 los requisitos m\u00ednimos de los protocolos y determinar\u00e1 el plazo en que los sujetos alcanzados deber\u00e1n dar cumplimiento a lo establecido.<\/p>\n<p>Tambi\u00e9n, deber\u00e1 poner a disposici\u00f3n de las instituciones material informativo, capacitaciones, asesoramiento, modelos de protocolo, y otras herramientas que estime pertinentes para la confecci\u00f3n e implementaci\u00f3n de los protocolos.<\/p>\n<p>Asimismo, tendr\u00e1 a su cargo la tarea de brindar criterios de adecuaci\u00f3n a las instituciones alcanzadas; establecer los mecanismos de control y dise\u00f1ar una campa\u00f1a que tendr\u00e1 como objeto la difusi\u00f3n y concientizaci\u00f3n respecto de esta problem\u00e1tica, y de los programas, normas y pol\u00edticas p\u00fablicas de cualquier \u00edndole encaminadas a combatirla, con expresa referencia al protocolo que se crea por la ley.<\/p>\n<p>Seg\u00fan el proyecto, el protocolo &#8220;deber\u00e1 salvaguardar los datos personales y la intimidad de las ni\u00f1as, ni\u00f1os y adolescentes involucrados, y garantizar el inter\u00e9s superior del ni\u00f1o&#8221;.<\/p>\n<p>&nbsp;<\/p>\n<p><strong>Atenci\u00f3n especializada sobre los derechos de ni\u00f1as, ni\u00f1os y adolescentes<\/strong><\/p>\n<p>Por llamada gratuita y confidencial a la L\u00ednea 102.<\/p>\n<p>Si sos v\u00edctima de violencia familiar o sexual, llam\u00e1 a la L\u00ednea 137.<\/p>\n<p>Si no te podes comunicar, busc\u00e1 las \u00e1reas de ni\u00f1ez de tu provincia.<\/p>\n","protected":false},"excerpt":{"rendered":"<p>La iniciativa fue aprobada por el Senado el 10 de diciembre de 2021 y apunta a crear protocolos de prevenci\u00f3n contra el abuso sexual infantil en diferentes \u00e1mbitos donde asistan ni\u00f1os, ni\u00f1as y adolescentes &nbsp; &nbsp; Un plenario de la C\u00e1mara de Diputados se reunir\u00e1 desde el mediod\u00eda del martes para debatir sobre un proyecto que busca prevenir el abuso sexual infantil. Los integrantes de las comisiones de Familia, Ni\u00f1ez y Juventudes, a cargo de Roxana Reyes (UCR), y de Asuntos Cooperativos, Mutuales y de Organizaciones No Gubernamentales, que preside&#8230;<\/p>\n","protected":false},"author":3,"featured_media":107835,"comment_status":"closed","ping_status":"closed","sticky":false,"template":"","format":"standard","meta":[],"categories":[18],"tags":[],"_links":{"self":[{"href":"https:\/\/www.actualidadadiario.com\/index.php\/wp-json\/wp\/v2\/posts\/107834"}],"collection":[{"href":"https:\/\/www.actualidadadiario.com\/index.php\/wp-json\/wp\/v2\/posts"}],"about":[{"href":"https:\/\/www.actualidadadiario.com\/index.php\/wp-json\/wp\/v2\/types\/post"}],"author":[{"embeddable":true,"href":"https:\/\/www.actualidadadiario.com\/index.php\/wp-json\/wp\/v2\/users\/3"}],"replies":[{"embeddable":true,"href":"https:\/\/www.actualidadadiario.com\/index.php\/wp-json\/wp\/v2\/comments?post=107834"}],"version-history":[{"count":1,"href":"https:\/\/www.actualidadadiario.com\/index.php\/wp-json\/wp\/v2\/posts\/107834\/revisions"}],"predecessor-version":[{"id":107836,"href":"https:\/\/www.actualidadadiario.com\/index.php\/wp-json\/wp\/v2\/posts\/107834\/revisions\/107836"}],"wp:featuredmedia":[{"embeddable":true,"href":"https:\/\/www.actualidadadiario.com\/index.php\/wp-json\/wp\/v2\/media\/107835"}],"wp:attachment":[{"href":"https:\/\/www.actualidadadiario.com\/index.php\/wp-json\/wp\/v2\/media?parent=107834"}],"wp:term":[{"taxonomy":"category","embeddable":true,"href":"https:\/\/www.actualidadadiario.com\/index.php\/wp-json\/wp\/v2\/categories?post=107834"},{"taxonomy":"post_tag","embeddable":true,"href":"https:\/\/www.actualidadadiario.com\/index.php\/wp-json\/wp\/v2\/tags?post=107834"}],"curies":[{"name":"wp","href":"https:\/\/api.w.org\/{rel}","templated":true}]}}