{"id":107828,"date":"2023-09-12T13:23:41","date_gmt":"2023-09-12T16:23:41","guid":{"rendered":"https:\/\/www.actualidadadiario.com\/?p=107828"},"modified":"2023-09-12T13:23:41","modified_gmt":"2023-09-12T16:23:41","slug":"macri-ratifico-su-apoyo-a-bullrich-y-vaticino-un-balotaje-entre-jxc-y-los-libertarios","status":"publish","type":"post","link":"https:\/\/www.actualidadadiario.com\/index.php\/2023\/09\/12\/macri-ratifico-su-apoyo-a-bullrich-y-vaticino-un-balotaje-entre-jxc-y-los-libertarios\/","title":{"rendered":"Macri ratific\u00f3 su apoyo a Bullrich y vaticin\u00f3 un balotaje entre JxC y los libertarios"},"content":{"rendered":"<p style=\"text-align: center;\"><em><strong>Mauricio Macri dijo que &#8220;su candidata&#8221; es Patricia Bullrich, y desminti\u00f3 las versiones que lo vinculan con Javier Milei, a quien describi\u00f3 como alguien que &#8220;expresa un enojo m\u00e1s que ideas&#8221;<\/strong><\/em><\/p>\n<p>&nbsp;<\/p>\n<p>&nbsp;<\/p>\n<p>El exmandatario Mauricio Macri ratific\u00f3 este lunes su apoyo a la candidata presidencial de Juntos por el Cambio (JxC), Patricia Bullrich, consider\u00f3 que la interna con Horacio Rodr\u00edguez Larreta &#8220;nos hizo da\u00f1o&#8221; y afirm\u00f3 que el jefe de gobierno porte\u00f1o perdi\u00f3 la elecci\u00f3n porque &#8220;los grises no existen&#8221;.<\/p>\n<p>Adem\u00e1s, descart\u00f3 un acompa\u00f1amiento al libertario Javier Milei, aunque se\u00f1al\u00f3 que espera que sus diputados acompa\u00f1en en un eventual gobierno de JxC.<\/p>\n<p>&#8220;Patricia es mi candidata. Hubo versiones maliciosas de que yo tengo dos candidatos, es no conocerme. El car\u00e1cter del cambio lo tiene Patricia y no va a dar un paso atr\u00e1s&#8221;, indic\u00f3 Macri en una entrevista para el canal televisivo TN, y analiz\u00f3 que &#8220;Patricia tiene coraje para encarar lo que sea y exceso de vocaci\u00f3n por dirigir&#8221;.<\/p>\n<p>En esa l\u00ednea, se corri\u00f3 del rol de l\u00edder de JxC y se\u00f1al\u00f3 que &#8220;todos tenemos que estar al servicio, a la orden del presidente&#8221;, aunque afirm\u00f3 que &#8220;cada vez que ella tiene una inquietud, hablamos, trato de ayudar donde me piden&#8221;.<\/p>\n<p>&#8220;Trabaj\u00e9 durante cuatro a\u00f1os con mi analista para ratificar que yo pod\u00eda ceder la conducci\u00f3n de mi propio partido en paz&#8221;, manifest\u00f3 el fundador del PRO.<\/p>\n<p>&nbsp;<\/p>\n<p><strong>La interna entre Bullrich y Larreta<\/strong><\/p>\n<p>Respecto a la interna que se disput\u00f3 en las PASO para definir el candidato de JxC, consider\u00f3 que &#8220;eso nos hizo da\u00f1o, mucha gente se enoj\u00f3&#8221;, aunque destac\u00f3 que &#8220;estamos volviendo a dialogar&#8221;.<\/p>\n<p>&#8220;La interna nos desperfil\u00f3, nos hizo perder foco y atenci\u00f3n en la gente, estamos en un proceso de ordenamiento&#8221;, afirm\u00f3 y marc\u00f3 que &#8220;muchos&#8221; votaron &#8220;sabiendo que en las PASO pod\u00e9s darte un gustito porque est\u00e1n enojados&#8221;.<\/p>\n<p>Al respecto, se\u00f1al\u00f3 que &#8220;todav\u00eda no hemos hablado de estas cosas con Larreta&#8221;, aunque s\u00ed habl\u00f3 &#8220;hasta el \u00faltimo d\u00eda&#8221; de la campa\u00f1a y &#8220;lo fui a saludar en el bunker en la derrota&#8221;.<\/p>\n<p>&#8220;Lo que pens\u00e9 que iba a pasar es lo que pas\u00f3, los grises no existen, la gente elige por una idea u otra&#8221;, expres\u00f3 respecto a la derrota del jefe de gobierno porte\u00f1o en la interna.<\/p>\n<p>&nbsp;<\/p>\n<p><strong>Macri y su relaci\u00f3n con Milei<\/strong><\/p>\n<p>Por el triunfo de Javier Milei, candidato de La Libertad Avanza, en agosto consider\u00f3 que &#8220;lo de las PASO fue un empate, pero jug\u00f3 en contra la expectativa&#8221;.<\/p>\n<p>&#8220;Vamos a ir a una segunda vuelta entre los libertarios y JxC. Soy optimista de que vamos a ser los que representemos un cambio racional y posible, liderado por alguien que tiene experiencia, trayectoria&#8221;, augur\u00f3.<\/p>\n<p>Sobre su di\u00e1logo con Milei, admiti\u00f3 que &#8220;el domingo&#8221; 13 de agosto en que se llevaron a cabo las elecciones primarias, &#8220;le mande un mensajito que dec\u00eda &#8216;felicitaciones por la elecci\u00f3n&#8217;, porque soy un hombre de di\u00e1logo y espero que Milei, con el apoyo que est\u00e1 recibiendo, sus diputados apoyen a Patricia cuando ella tenga que encarar estos proyectos&#8221; en un eventual gobierno.<\/p>\n<p>&#8220;Milei expresa un enojo m\u00e1s que unas ideas&#8221;, expres\u00f3 y consider\u00f3 que &#8220;no me parece que en Argentina podamos convivir con la intolerancia a la cr\u00edtica, cuando veo a Milei ponerse tan violento cuando alguien piensa distinto, digo &#8216;no, por ah\u00ed no'&#8221;.<\/p>\n<p>Respecto a la propuesta econ\u00f3mica de dolarizar la econom\u00eda que present\u00f3 el libertario en su campa\u00f1a, Macri indic\u00f3 que es &#8220;un atajo&#8221; que va en contra &#8220;de lo que hay que hacer, que es terminar con el d\u00e9ficit fiscal y bajar impuestos&#8221;.<\/p>\n","protected":false},"excerpt":{"rendered":"<p>Mauricio Macri dijo que &#8220;su candidata&#8221; es Patricia Bullrich, y desminti\u00f3 las versiones que lo vinculan con Javier Milei, a quien describi\u00f3 como alguien que &#8220;expresa un enojo m\u00e1s que ideas&#8221; &nbsp; &nbsp; El exmandatario Mauricio Macri ratific\u00f3 este lunes su apoyo a la candidata presidencial de Juntos por el Cambio (JxC), Patricia Bullrich, consider\u00f3 que la interna con Horacio Rodr\u00edguez Larreta &#8220;nos hizo da\u00f1o&#8221; y afirm\u00f3 que el jefe de gobierno porte\u00f1o perdi\u00f3 la elecci\u00f3n porque &#8220;los grises no existen&#8221;. Adem\u00e1s, descart\u00f3 un acompa\u00f1amiento al libertario Javier Milei, aunque&#8230;<\/p>\n","protected":false},"author":3,"featured_media":107829,"comment_status":"closed","ping_status":"closed","sticky":false,"template":"","format":"standard","meta":[],"categories":[18],"tags":[],"_links":{"self":[{"href":"https:\/\/www.actualidadadiario.com\/index.php\/wp-json\/wp\/v2\/posts\/107828"}],"collection":[{"href":"https:\/\/www.actualidadadiario.com\/index.php\/wp-json\/wp\/v2\/posts"}],"about":[{"href":"https:\/\/www.actualidadadiario.com\/index.php\/wp-json\/wp\/v2\/types\/post"}],"author":[{"embeddable":true,"href":"https:\/\/www.actualidadadiario.com\/index.php\/wp-json\/wp\/v2\/users\/3"}],"replies":[{"embeddable":true,"href":"https:\/\/www.actualidadadiario.com\/index.php\/wp-json\/wp\/v2\/comments?post=107828"}],"version-history":[{"count":1,"href":"https:\/\/www.actualidadadiario.com\/index.php\/wp-json\/wp\/v2\/posts\/107828\/revisions"}],"predecessor-version":[{"id":107830,"href":"https:\/\/www.actualidadadiario.com\/index.php\/wp-json\/wp\/v2\/posts\/107828\/revisions\/107830"}],"wp:featuredmedia":[{"embeddable":true,"href":"https:\/\/www.actualidadadiario.com\/index.php\/wp-json\/wp\/v2\/media\/107829"}],"wp:attachment":[{"href":"https:\/\/www.actualidadadiario.com\/index.php\/wp-json\/wp\/v2\/media?parent=107828"}],"wp:term":[{"taxonomy":"category","embeddable":true,"href":"https:\/\/www.actualidadadiario.com\/index.php\/wp-json\/wp\/v2\/categories?post=107828"},{"taxonomy":"post_tag","embeddable":true,"href":"https:\/\/www.actualidadadiario.com\/index.php\/wp-json\/wp\/v2\/tags?post=107828"}],"curies":[{"name":"wp","href":"https:\/\/api.w.org\/{rel}","templated":true}]}}