{"id":107826,"date":"2023-09-12T13:01:14","date_gmt":"2023-09-12T16:01:14","guid":{"rendered":"https:\/\/www.actualidadadiario.com\/?p=107826"},"modified":"2023-09-12T13:01:14","modified_gmt":"2023-09-12T16:01:14","slug":"confirman-el-pago-de-un-nuevo-bono-para-un-grupo-de-jubilados","status":"publish","type":"post","link":"https:\/\/www.actualidadadiario.com\/index.php\/2023\/09\/12\/confirman-el-pago-de-un-nuevo-bono-para-un-grupo-de-jubilados\/","title":{"rendered":"Confirman el pago de un nuevo bono para un grupo de jubilados"},"content":{"rendered":"<p style=\"text-align: center;\"><em><strong>Los haberes de septiembre incluir\u00e1n el bono de refuerzo de $30.000, dispuesto por el gobierno provincial, para quienes tengan ingresos previsionales menores a $120.000<\/strong><\/em><\/p>\n<p>&nbsp;<\/p>\n<p>&nbsp;<\/p>\n<p>El Instituto de Previsi\u00f3n Social (IPS) informa que las personas jubiladas y pensionadas de la provincia de Buenos Aires percibir\u00e1n los haberes del mes de septiembre los d\u00edas jueves 28 y viernes 29 del corriente, seg\u00fan cronograma que se detalla a continuaci\u00f3n:<\/p>\n<p>&nbsp;<\/p>\n<p><strong>\u00bfQu\u00e9 jubilados cobran el jueves 28 de septiembre?<\/strong><\/p>\n<ul>\n<li>Jubilaciones y pensiones con DNI terminados en 0, 1, 2 y 3;<\/li>\n<li>Pensiones sociales &#8211; no contributivas- con DNI terminados en 0, 1 , 2, 3, 4, 5, 6, 7, 8 y 9.<\/li>\n<\/ul>\n<p>&nbsp;<\/p>\n<p><strong>\u00bfQu\u00e9 jubilados cobran el jueves 29 de septiembre?<\/strong><\/p>\n<ul>\n<li>Jubilaciones y pensiones con DNI terminados en 4, 5, 6 ,7, 8 y 9.<\/li>\n<li>Jubilados de la provincia de Buenos Aires: \u00bfqui\u00e9nes cobran el bono de $30.000?<\/li>\n<\/ul>\n<p>En esta oportunidad, los haberes de septiembre incluir\u00e1n el bono de refuerzo de $30.000, dispuesto por el gobierno provincial, para quienes tengan ingresos previsionales menores a $120.000.<\/p>\n<p>Tambi\u00e9n se abonar\u00e1 un bono de $25.000 para personas con pensiones sociales no contributivas y las leyes especiales N\u00b0 927, N\u00b0 8.172 y N\u00b0 14.245.<\/p>\n<p>Cabe aclarar que en ning\u00fan caso ser\u00e1 necesario realizar tr\u00e1mites para percibir el bono de refuerzo.<\/p>\n<p>El organismo previsional record\u00f3 adem\u00e1s que el vencimiento del pago por ventanilla ser\u00e1 el mi\u00e9rcoles 24 de octubre de 2023.<\/p>\n","protected":false},"excerpt":{"rendered":"<p>Los haberes de septiembre incluir\u00e1n el bono de refuerzo de $30.000, dispuesto por el gobierno provincial, para quienes tengan ingresos previsionales menores a $120.000 &nbsp; &nbsp; El Instituto de Previsi\u00f3n Social (IPS) informa que las personas jubiladas y pensionadas de la provincia de Buenos Aires percibir\u00e1n los haberes del mes de septiembre los d\u00edas jueves 28 y viernes 29 del corriente, seg\u00fan cronograma que se detalla a continuaci\u00f3n: &nbsp; \u00bfQu\u00e9 jubilados cobran el jueves 28 de septiembre? Jubilaciones y pensiones con DNI terminados en 0, 1, 2 y 3; Pensiones&#8230;<\/p>\n","protected":false},"author":3,"featured_media":86210,"comment_status":"closed","ping_status":"closed","sticky":false,"template":"","format":"standard","meta":[],"categories":[2],"tags":[],"_links":{"self":[{"href":"https:\/\/www.actualidadadiario.com\/index.php\/wp-json\/wp\/v2\/posts\/107826"}],"collection":[{"href":"https:\/\/www.actualidadadiario.com\/index.php\/wp-json\/wp\/v2\/posts"}],"about":[{"href":"https:\/\/www.actualidadadiario.com\/index.php\/wp-json\/wp\/v2\/types\/post"}],"author":[{"embeddable":true,"href":"https:\/\/www.actualidadadiario.com\/index.php\/wp-json\/wp\/v2\/users\/3"}],"replies":[{"embeddable":true,"href":"https:\/\/www.actualidadadiario.com\/index.php\/wp-json\/wp\/v2\/comments?post=107826"}],"version-history":[{"count":1,"href":"https:\/\/www.actualidadadiario.com\/index.php\/wp-json\/wp\/v2\/posts\/107826\/revisions"}],"predecessor-version":[{"id":107827,"href":"https:\/\/www.actualidadadiario.com\/index.php\/wp-json\/wp\/v2\/posts\/107826\/revisions\/107827"}],"wp:featuredmedia":[{"embeddable":true,"href":"https:\/\/www.actualidadadiario.com\/index.php\/wp-json\/wp\/v2\/media\/86210"}],"wp:attachment":[{"href":"https:\/\/www.actualidadadiario.com\/index.php\/wp-json\/wp\/v2\/media?parent=107826"}],"wp:term":[{"taxonomy":"category","embeddable":true,"href":"https:\/\/www.actualidadadiario.com\/index.php\/wp-json\/wp\/v2\/categories?post=107826"},{"taxonomy":"post_tag","embeddable":true,"href":"https:\/\/www.actualidadadiario.com\/index.php\/wp-json\/wp\/v2\/tags?post=107826"}],"curies":[{"name":"wp","href":"https:\/\/api.w.org\/{rel}","templated":true}]}}