{"id":107820,"date":"2023-09-12T12:58:26","date_gmt":"2023-09-12T15:58:26","guid":{"rendered":"https:\/\/www.actualidadadiario.com\/?p=107820"},"modified":"2023-09-12T12:58:26","modified_gmt":"2023-09-12T15:58:26","slug":"el-indec-difunde-manana-la-inflacion-de-agosto","status":"publish","type":"post","link":"https:\/\/www.actualidadadiario.com\/index.php\/2023\/09\/12\/el-indec-difunde-manana-la-inflacion-de-agosto\/","title":{"rendered":"El Indec difunde ma\u00f1ana la inflaci\u00f3n de agosto"},"content":{"rendered":"<p style=\"text-align: center;\"><em><strong>El IPC acumul\u00f3, en los primeros siete meses del a\u00f1o un 60,2%; mientras que en los \u00faltimo 12, la inflaci\u00f3n alcanz\u00f3 el 113,4%<\/strong><\/em><\/p>\n<p>&nbsp;<\/p>\n<p>&nbsp;<\/p>\n<p>El Instituto Nacional de Estad\u00edstica y Censos (Indec) dar\u00e1 a conocer ma\u00f1ana la variaci\u00f3n que registr\u00f3 el \u00cdndice de Precios al Consumidor (IPC) durante agosto.<\/p>\n<p>El IPC subi\u00f3 en julio 6,3%, lo que represent\u00f3 una suba de 0,3 puntos respecto a junio, cuando se ubic\u00f3 en 6%.<\/p>\n<p>De esta manera, durante los primeros siete meses del a\u00f1o la inflaci\u00f3n minorista fue de 60,2% y de 113,4% en los \u00faltimos 12 meses.<\/p>\n<p>Por su parte, la Direcci\u00f3n de Estad\u00edsticas de la ciudad de Buenos Aires dio cuenta la semana pasada que la inflaci\u00f3n en el distrito porte\u00f1o fue durante agosto de 10,8%, por encima del 7,3% registrado en julio.<\/p>\n<p>As\u00ed, el \u00edndice de precios porte\u00f1o acumul\u00f3 una suba del 79,8% en los primeros ocho meses del a\u00f1o y una variaci\u00f3n interanual del 127,3%.<\/p>\n","protected":false},"excerpt":{"rendered":"<p>El IPC acumul\u00f3, en los primeros siete meses del a\u00f1o un 60,2%; mientras que en los \u00faltimo 12, la inflaci\u00f3n alcanz\u00f3 el 113,4% &nbsp; &nbsp; El Instituto Nacional de Estad\u00edstica y Censos (Indec) dar\u00e1 a conocer ma\u00f1ana la variaci\u00f3n que registr\u00f3 el \u00cdndice de Precios al Consumidor (IPC) durante agosto. El IPC subi\u00f3 en julio 6,3%, lo que represent\u00f3 una suba de 0,3 puntos respecto a junio, cuando se ubic\u00f3 en 6%. De esta manera, durante los primeros siete meses del a\u00f1o la inflaci\u00f3n minorista fue de 60,2% y de&#8230;<\/p>\n","protected":false},"author":3,"featured_media":94813,"comment_status":"closed","ping_status":"closed","sticky":false,"template":"","format":"standard","meta":[],"categories":[2],"tags":[],"_links":{"self":[{"href":"https:\/\/www.actualidadadiario.com\/index.php\/wp-json\/wp\/v2\/posts\/107820"}],"collection":[{"href":"https:\/\/www.actualidadadiario.com\/index.php\/wp-json\/wp\/v2\/posts"}],"about":[{"href":"https:\/\/www.actualidadadiario.com\/index.php\/wp-json\/wp\/v2\/types\/post"}],"author":[{"embeddable":true,"href":"https:\/\/www.actualidadadiario.com\/index.php\/wp-json\/wp\/v2\/users\/3"}],"replies":[{"embeddable":true,"href":"https:\/\/www.actualidadadiario.com\/index.php\/wp-json\/wp\/v2\/comments?post=107820"}],"version-history":[{"count":1,"href":"https:\/\/www.actualidadadiario.com\/index.php\/wp-json\/wp\/v2\/posts\/107820\/revisions"}],"predecessor-version":[{"id":107821,"href":"https:\/\/www.actualidadadiario.com\/index.php\/wp-json\/wp\/v2\/posts\/107820\/revisions\/107821"}],"wp:featuredmedia":[{"embeddable":true,"href":"https:\/\/www.actualidadadiario.com\/index.php\/wp-json\/wp\/v2\/media\/94813"}],"wp:attachment":[{"href":"https:\/\/www.actualidadadiario.com\/index.php\/wp-json\/wp\/v2\/media?parent=107820"}],"wp:term":[{"taxonomy":"category","embeddable":true,"href":"https:\/\/www.actualidadadiario.com\/index.php\/wp-json\/wp\/v2\/categories?post=107820"},{"taxonomy":"post_tag","embeddable":true,"href":"https:\/\/www.actualidadadiario.com\/index.php\/wp-json\/wp\/v2\/tags?post=107820"}],"curies":[{"name":"wp","href":"https:\/\/api.w.org\/{rel}","templated":true}]}}