{"id":107811,"date":"2023-09-12T12:55:53","date_gmt":"2023-09-12T15:55:53","guid":{"rendered":"https:\/\/www.actualidadadiario.com\/?p=107811"},"modified":"2023-09-12T12:55:53","modified_gmt":"2023-09-12T15:55:53","slug":"oficializan-la-aprobacion-del-plan-nacional-de-salud-mental-2023-2027","status":"publish","type":"post","link":"https:\/\/www.actualidadadiario.com\/index.php\/2023\/09\/12\/oficializan-la-aprobacion-del-plan-nacional-de-salud-mental-2023-2027\/","title":{"rendered":"Oficializan la aprobaci\u00f3n del Plan Nacional de Salud Mental 2023-2027"},"content":{"rendered":"<p style=\"text-align: center;\"><em><strong>El Plan publicado hoy en el Bolet\u00edn Oficial es el resultado de un trabajo de elaboraci\u00f3n colectivo llevado adelante en once rondas consultivas realizadas desde noviembre de 2020 a marzo de 2021<\/strong><\/em><\/p>\n<p>&nbsp;<\/p>\n<p>&nbsp;<\/p>\n<p>La aprobaci\u00f3n del Plan Nacional de Salud Mental 2023-2027 fue publicado hoy en el Bolet\u00edn Oficial, una herramienta que -junto a la Estrategia Federal de Abordaje Integral de la Salud Mental y Consumos Problem\u00e1ticos planteada el a\u00f1o pasado- propone pol\u00edticas p\u00fablicas centradas en las personas, sus comunidades, v\u00ednculos y contextos, &#8220;entendiendo a la territorialidad en el marco del abordaje comunitario y las pol\u00edticas de proximidad para garantizar la continuidad de cuidados desde una perspectiva de salud integral&#8221;.<\/p>\n<p>La resoluci\u00f3n, que lleva el n\u00famero 1997\/2023, adem\u00e1s de aprobar el proyecto estableci\u00f3 que el \u00e1rea ejecutora ser\u00e1 la Direcci\u00f3n Nacional de Abordaje Integral de la Salud Mental y Consumos Problem\u00e1ticos (dependiente de la Subsecretar\u00eda de Gesti\u00f3n de Servicios e Institutos de la Secretar\u00eda de Calidad en Salud), que tendr\u00e1 la responsabilidad de instrumentar y conducir el Plan.<\/p>\n<p>&#8220;La pandemia de SARS-Cov-2, declarada por la OMS el 11 de marzo de 2020, ha trastocado la vida de las comunidades, las familias y las personas en forma global, tanto por la p\u00e9rdida de vidas, como por las consecuencias sobre las condiciones socioecon\u00f3micas, los cambios en las pautas de vida cotidiana, la inserci\u00f3n en los espacios de pertenencia y los v\u00ednculos en general&#8221;, se se\u00f1ala en el pr\u00f3logo del Plan.<\/p>\n<p>En este contexto, el plan se propone &#8220;abonar al camino de saldar esa deuda en el marco de un proyecto socio-sanitario centrado en las personas en sus comunidades, v\u00ednculos y contextos, entendiendo a la territorialidad en el marco del abordaje comunitario y las pol\u00edticas de proximidad para garantizar la continuidad de cuidados desde una perspectiva de salud integral&#8221;.<\/p>\n<p>&#8220;Ello implica tambi\u00e9n incorporar un enfoque de cursos de vida, especialmente para incluir a ni\u00f1eces y adolescencias como sujetos protag\u00f3nicos de la transformaci\u00f3n en salud mental&#8221;, indica.<\/p>\n<p>El Plan publicado hoy en el Bolet\u00edn Oficial es el resultado de un trabajo de elaboraci\u00f3n colectivo llevado adelante en once rondas consultivas realizadas desde noviembre de 2020 a marzo de 2021 con la Organizaci\u00f3n Panamericana de la Salud (OPS), el Fondo de las Naciones Unidas para la Infancia (UNICEF), la Secretar\u00eda de Derechos Humanos de la Naci\u00f3n, las y los responsables de Salud Mental y Consumos Problem\u00e1ticos de las 24 jurisdicciones del pa\u00eds y el \u00d3rgano de Revisi\u00f3n Nacional de la Ley 26.657.<\/p>\n<p>Tambi\u00e9n participaron de estos encuentros el Consejo Consultivo Honorario en Salud Mental y Adicciones con las 30 organizaciones que lo componen, 14 organizaciones de personas usuarias y familiares vinculadas a los servicios de Salud Mental, ocho asociaciones de profesionales del campo de la Salud Mental, 12 organismos p\u00fablicos entre los cuales se encuentra la Sedronar (Secretar\u00eda de Pol\u00edticas Integrales sobre Drogas de la Naci\u00f3n Argentina), cuatro organizaciones de la sociedad civil, dos sindicatos, 10 espacios acad\u00e9micos y 10 expertas y expertos en la materia, adem\u00e1s de diversas \u00e1reas del Ministerio de Salud de la Naci\u00f3n.<\/p>\n<p>La resoluci\u00f3n publicada hoy en el Bolet\u00edn Oficial lleva la firma de la ministra de Salud, Carla Vizzotti.<\/p>\n","protected":false},"excerpt":{"rendered":"<p>El Plan publicado hoy en el Bolet\u00edn Oficial es el resultado de un trabajo de elaboraci\u00f3n colectivo llevado adelante en once rondas consultivas realizadas desde noviembre de 2020 a marzo de 2021 &nbsp; &nbsp; La aprobaci\u00f3n del Plan Nacional de Salud Mental 2023-2027 fue publicado hoy en el Bolet\u00edn Oficial, una herramienta que -junto a la Estrategia Federal de Abordaje Integral de la Salud Mental y Consumos Problem\u00e1ticos planteada el a\u00f1o pasado- propone pol\u00edticas p\u00fablicas centradas en las personas, sus comunidades, v\u00ednculos y contextos, &#8220;entendiendo a la territorialidad en el&#8230;<\/p>\n","protected":false},"author":3,"featured_media":107812,"comment_status":"closed","ping_status":"closed","sticky":false,"template":"","format":"standard","meta":[],"categories":[9],"tags":[],"_links":{"self":[{"href":"https:\/\/www.actualidadadiario.com\/index.php\/wp-json\/wp\/v2\/posts\/107811"}],"collection":[{"href":"https:\/\/www.actualidadadiario.com\/index.php\/wp-json\/wp\/v2\/posts"}],"about":[{"href":"https:\/\/www.actualidadadiario.com\/index.php\/wp-json\/wp\/v2\/types\/post"}],"author":[{"embeddable":true,"href":"https:\/\/www.actualidadadiario.com\/index.php\/wp-json\/wp\/v2\/users\/3"}],"replies":[{"embeddable":true,"href":"https:\/\/www.actualidadadiario.com\/index.php\/wp-json\/wp\/v2\/comments?post=107811"}],"version-history":[{"count":1,"href":"https:\/\/www.actualidadadiario.com\/index.php\/wp-json\/wp\/v2\/posts\/107811\/revisions"}],"predecessor-version":[{"id":107813,"href":"https:\/\/www.actualidadadiario.com\/index.php\/wp-json\/wp\/v2\/posts\/107811\/revisions\/107813"}],"wp:featuredmedia":[{"embeddable":true,"href":"https:\/\/www.actualidadadiario.com\/index.php\/wp-json\/wp\/v2\/media\/107812"}],"wp:attachment":[{"href":"https:\/\/www.actualidadadiario.com\/index.php\/wp-json\/wp\/v2\/media?parent=107811"}],"wp:term":[{"taxonomy":"category","embeddable":true,"href":"https:\/\/www.actualidadadiario.com\/index.php\/wp-json\/wp\/v2\/categories?post=107811"},{"taxonomy":"post_tag","embeddable":true,"href":"https:\/\/www.actualidadadiario.com\/index.php\/wp-json\/wp\/v2\/tags?post=107811"}],"curies":[{"name":"wp","href":"https:\/\/api.w.org\/{rel}","templated":true}]}}