{"id":107808,"date":"2023-09-12T11:39:11","date_gmt":"2023-09-12T14:39:11","guid":{"rendered":"https:\/\/www.actualidadadiario.com\/?p=107808"},"modified":"2023-09-12T11:39:11","modified_gmt":"2023-09-12T14:39:11","slug":"este-miercoles-sesionara-la-camara-de-diputados-de-entre-rios-2","status":"publish","type":"post","link":"https:\/\/www.actualidadadiario.com\/index.php\/2023\/09\/12\/este-miercoles-sesionara-la-camara-de-diputados-de-entre-rios-2\/","title":{"rendered":"Este mi\u00e9rcoles sesionar\u00e1 la C\u00e1mara de Diputados de Entre R\u00edos"},"content":{"rendered":"<p style=\"text-align: center;\"><em><strong>Este mi\u00e9rcoles a las 11 la C\u00e1mara de Diputados de la Provincia R\u00edos realizar\u00e1 su 10\u00ba Sesi\u00f3n Ordinaria del 144\u00ba Per\u00edodo Legislativo. Previamente, a las 9 hs. tendr\u00e1 lugar la reuni\u00f3n de Labor Parlamentaria entre las autoridades de la C\u00e1mara y de los bloques<\/strong><\/em><\/p>\n<p>&nbsp;<\/p>\n<p>&nbsp;<\/p>\n<p>Por otro lado, este martes a las 18 hs. se presentar\u00e1 en el Sal\u00f3n de los Pasos Perdidos el libro \u201cTanguito Montielero: la m\u00fasica de mi pueblo\u201d, de Marcia M\u00fcller, y adem\u00e1s se contar\u00e1 con un concierto.<\/p>\n","protected":false},"excerpt":{"rendered":"<p>Este mi\u00e9rcoles a las 11 la C\u00e1mara de Diputados de la Provincia R\u00edos realizar\u00e1 su 10\u00ba Sesi\u00f3n Ordinaria del 144\u00ba Per\u00edodo Legislativo. Previamente, a las 9 hs. tendr\u00e1 lugar la reuni\u00f3n de Labor Parlamentaria entre las autoridades de la C\u00e1mara y de los bloques &nbsp; &nbsp; Por otro lado, este martes a las 18 hs. se presentar\u00e1 en el Sal\u00f3n de los Pasos Perdidos el libro \u201cTanguito Montielero: la m\u00fasica de mi pueblo\u201d, de Marcia M\u00fcller, y adem\u00e1s se contar\u00e1 con un concierto.<\/p>\n","protected":false},"author":3,"featured_media":104193,"comment_status":"closed","ping_status":"closed","sticky":false,"template":"","format":"standard","meta":[],"categories":[15],"tags":[],"_links":{"self":[{"href":"https:\/\/www.actualidadadiario.com\/index.php\/wp-json\/wp\/v2\/posts\/107808"}],"collection":[{"href":"https:\/\/www.actualidadadiario.com\/index.php\/wp-json\/wp\/v2\/posts"}],"about":[{"href":"https:\/\/www.actualidadadiario.com\/index.php\/wp-json\/wp\/v2\/types\/post"}],"author":[{"embeddable":true,"href":"https:\/\/www.actualidadadiario.com\/index.php\/wp-json\/wp\/v2\/users\/3"}],"replies":[{"embeddable":true,"href":"https:\/\/www.actualidadadiario.com\/index.php\/wp-json\/wp\/v2\/comments?post=107808"}],"version-history":[{"count":1,"href":"https:\/\/www.actualidadadiario.com\/index.php\/wp-json\/wp\/v2\/posts\/107808\/revisions"}],"predecessor-version":[{"id":107809,"href":"https:\/\/www.actualidadadiario.com\/index.php\/wp-json\/wp\/v2\/posts\/107808\/revisions\/107809"}],"wp:featuredmedia":[{"embeddable":true,"href":"https:\/\/www.actualidadadiario.com\/index.php\/wp-json\/wp\/v2\/media\/104193"}],"wp:attachment":[{"href":"https:\/\/www.actualidadadiario.com\/index.php\/wp-json\/wp\/v2\/media?parent=107808"}],"wp:term":[{"taxonomy":"category","embeddable":true,"href":"https:\/\/www.actualidadadiario.com\/index.php\/wp-json\/wp\/v2\/categories?post=107808"},{"taxonomy":"post_tag","embeddable":true,"href":"https:\/\/www.actualidadadiario.com\/index.php\/wp-json\/wp\/v2\/tags?post=107808"}],"curies":[{"name":"wp","href":"https:\/\/api.w.org\/{rel}","templated":true}]}}