{"id":107806,"date":"2023-09-12T11:38:16","date_gmt":"2023-09-12T14:38:16","guid":{"rendered":"https:\/\/www.actualidadadiario.com\/?p=107806"},"modified":"2023-09-12T11:38:16","modified_gmt":"2023-09-12T14:38:16","slug":"la-paritaria-docente-se-postergo-para-el-jueves","status":"publish","type":"post","link":"https:\/\/www.actualidadadiario.com\/index.php\/2023\/09\/12\/la-paritaria-docente-se-postergo-para-el-jueves\/","title":{"rendered":"La paritaria docente se posterg\u00f3 para el jueves"},"content":{"rendered":"<p style=\"text-align: center;\"><em><strong>La reuni\u00f3n estaba prevista para este martes a las 12 en la Secretar\u00eda de Trabajo de la Provincia, pero se posterg\u00f3 para el d\u00eda jueves.\u00a0 El hecho de que el mi\u00e9rcoles se difunda el \u00edndice de inflaci\u00f3n habr\u00eda sido el motivo de la postergaci\u00f3n<\/strong><\/em><\/p>\n<p>&nbsp;<\/p>\n<p>&nbsp;<\/p>\n<p>Finalmente la continuidad de la paritaria docente no tendr\u00e1 lugar este martes a las 12, sino el jueves a las 11 en la Secretar\u00eda de Trabajo.<\/p>\n<p>La decisi\u00f3n de postergar el encuentro dos d\u00edas responde a que el mi\u00e9rcoles el Indec difundir\u00e1 el \u00edndice de inflaci\u00f3n del mes de agosto, dato crucial para establecer los porcentajes de aumento que se otorgar\u00e1n a la docencia entrerriana.<\/p>\n<p>Cabe destacar que la \u00faltima reuni\u00f3n entre las partes fue el martes pasado y en aquella oportunidad el Gobierno e el Gobierno inform\u00f3 sobre un incremento salarial de siete puntos por encima de la inflaci\u00f3n acumulada a agosto.<\/p>\n<p>Los gremios se fueron con gusto a poco de aquel encuentro: Agmer dijo haberse ido \u201ccon las manos vac\u00edas\u201d e hizo un Congreso Provincial, desde AMET manifestaron su preocupaci\u00f3n por el deterioro del poder adquisitivo del personal de la educaci\u00f3n y Sadop inst\u00f3 a que se siga utilizando la metodolog\u00eda que se viene aplicando, con puntos de adelanto a cuenta del incremento porcentual inflacionario y luego ajustable cuando se conozca el \u00edndice correspondiente.<\/p>\n","protected":false},"excerpt":{"rendered":"<p>La reuni\u00f3n estaba prevista para este martes a las 12 en la Secretar\u00eda de Trabajo de la Provincia, pero se posterg\u00f3 para el d\u00eda jueves.\u00a0 El hecho de que el mi\u00e9rcoles se difunda el \u00edndice de inflaci\u00f3n habr\u00eda sido el motivo de la postergaci\u00f3n &nbsp; &nbsp; Finalmente la continuidad de la paritaria docente no tendr\u00e1 lugar este martes a las 12, sino el jueves a las 11 en la Secretar\u00eda de Trabajo. La decisi\u00f3n de postergar el encuentro dos d\u00edas responde a que el mi\u00e9rcoles el Indec difundir\u00e1 el \u00edndice&#8230;<\/p>\n","protected":false},"author":3,"featured_media":107492,"comment_status":"closed","ping_status":"closed","sticky":false,"template":"","format":"standard","meta":[],"categories":[15],"tags":[],"_links":{"self":[{"href":"https:\/\/www.actualidadadiario.com\/index.php\/wp-json\/wp\/v2\/posts\/107806"}],"collection":[{"href":"https:\/\/www.actualidadadiario.com\/index.php\/wp-json\/wp\/v2\/posts"}],"about":[{"href":"https:\/\/www.actualidadadiario.com\/index.php\/wp-json\/wp\/v2\/types\/post"}],"author":[{"embeddable":true,"href":"https:\/\/www.actualidadadiario.com\/index.php\/wp-json\/wp\/v2\/users\/3"}],"replies":[{"embeddable":true,"href":"https:\/\/www.actualidadadiario.com\/index.php\/wp-json\/wp\/v2\/comments?post=107806"}],"version-history":[{"count":1,"href":"https:\/\/www.actualidadadiario.com\/index.php\/wp-json\/wp\/v2\/posts\/107806\/revisions"}],"predecessor-version":[{"id":107807,"href":"https:\/\/www.actualidadadiario.com\/index.php\/wp-json\/wp\/v2\/posts\/107806\/revisions\/107807"}],"wp:featuredmedia":[{"embeddable":true,"href":"https:\/\/www.actualidadadiario.com\/index.php\/wp-json\/wp\/v2\/media\/107492"}],"wp:attachment":[{"href":"https:\/\/www.actualidadadiario.com\/index.php\/wp-json\/wp\/v2\/media?parent=107806"}],"wp:term":[{"taxonomy":"category","embeddable":true,"href":"https:\/\/www.actualidadadiario.com\/index.php\/wp-json\/wp\/v2\/categories?post=107806"},{"taxonomy":"post_tag","embeddable":true,"href":"https:\/\/www.actualidadadiario.com\/index.php\/wp-json\/wp\/v2\/tags?post=107806"}],"curies":[{"name":"wp","href":"https:\/\/api.w.org\/{rel}","templated":true}]}}