{"id":107804,"date":"2023-09-12T11:37:25","date_gmt":"2023-09-12T14:37:25","guid":{"rendered":"https:\/\/www.actualidadadiario.com\/?p=107804"},"modified":"2023-09-12T11:37:25","modified_gmt":"2023-09-12T14:37:25","slug":"en-el-hospital-masvernat-no-descartan-sumar-otras-medidas-ante-los-casos-de-covid","status":"publish","type":"post","link":"https:\/\/www.actualidadadiario.com\/index.php\/2023\/09\/12\/en-el-hospital-masvernat-no-descartan-sumar-otras-medidas-ante-los-casos-de-covid\/","title":{"rendered":"En el hospital Masvernat no descartan sumar otras medidas ante los casos de COVID"},"content":{"rendered":"<p style=\"text-align: center;\"><em><strong>El director del hospital Masvernat de Concordia, Mauro Dodorico, explic\u00f3 los alcances de las medidas preventivas que debi\u00f3 reestablecer el nosocomio ante el incremento de los casos de COVID<\/strong><\/em><\/p>\n<p>&nbsp;<\/p>\n<p>&nbsp;<\/p>\n<p>El profesional coment\u00f3 que por recomendaci\u00f3n del &#8220;comit\u00e9 de Infectolog\u00eda del hospital, con el equipo de infect\u00f3logos y viendo el n\u00famero de casos de patolog\u00edas respiratorias &#8211; principalmente lo que refiere a COVID-19 en estas \u00faltimas tres semanas &#8211; se decidi\u00f3 adoptar un n\u00famero de medidas respecto a la prevenci\u00f3n de infecciones&#8221;.<\/p>\n<p>Adem\u00e1s, cit\u00f3 Dodorico, el objetivo es &#8220;remarcar el hecho de la importancia en la vacunaci\u00f3n, en las personas que no tengan alg\u00fan carnet de vacunaci\u00f3n COVID de forma completa&#8221;.<\/p>\n<p>&nbsp;<\/p>\n<p><strong>Casos<\/strong><\/p>\n<p>El director coment\u00f3 que en el Masvernat &#8220;en las \u00faltimas tres semanas estuvimos en el orden de alrededor de 30 a 40 casos semanales de diagn\u00f3stico con nuevos casos de pacientes con COVID-19&#8221;.<\/p>\n<p>Por tanto, &#8220;el comit\u00e9 decidi\u00f3 aumentar un poco los niveles de protecci\u00f3n, por medio del lavado de mano, que eso &#8211; independientemente del COVID -se hace de forma ordinaria pero principalmente lo que es el uso del barbijo&#8221;, coment\u00f3 Dodorico.<\/p>\n<p>Adem\u00e1s, destac\u00f3 que, entre los casos recientes, &#8220;hemos tenido pocos de car\u00e1cter graves&#8221;. En efecto, agreg\u00f3, &#8220;fueron solamente dos casos que requirieron asistencia, m\u00e1s all\u00e1 de la habitual; es decir que requirieron internaci\u00f3n y soporte con terapia de ox\u00edgeno&#8221;.<\/p>\n<p>Uno de ellos &#8220;est\u00e1 en cuidado intermedio y el otro requiri\u00f3 de terapia intensiva porque ten\u00eda una infecci\u00f3n bacteriana &#8211; tambi\u00e9n respiratoria &#8211; que muchas veces se asocia a algo que es la patolog\u00eda COVID&#8221;, detall\u00f3.<\/p>\n<p>De hecho, este \u00faltimo caso &#8220;tuvo un asociado a una infecci\u00f3n bacteriana tambi\u00e9n de neumon\u00eda&#8221;, puntualiz\u00f3.<\/p>\n<p>&nbsp;<\/p>\n<p><strong>Pasos<\/strong><\/p>\n<p>El objetivo de las medidas es &#8220;un paso inicial para proteger al personal de salud, los pacientes y los acompa\u00f1antes dentro del hospital&#8221;, mencion\u00f3 el profesional.<\/p>\n<p>Es posible que &#8220;eso requiera o necesitemos tener algunos pasos m\u00e1s respecto a medidas preventivas, como por ejemplo lo que es en los lugares de circulaci\u00f3n y dem\u00e1s; por ahora es en todos los lugares de contacto directo entre pacientes en asistencia o acompa\u00f1antes de pacientes que se van a quedar dentro del hospital, por ejemplo en una habitaci\u00f3n&#8221;, asever\u00f3.<\/p>\n<p>Sin embargo, Dodorico cont\u00f3 que se analiza si fuera necesario &#8220;restringir el tr\u00e1nsito dentro del nosocomio de aquellas personas que no cumplan una funci\u00f3n imprescindible&#8221;.<\/p>\n<p>Por el momento, &#8220;eso no fue incluido dentro de este paquete de medidas&#8221;, remat\u00f3.<\/p>\n","protected":false},"excerpt":{"rendered":"<p>El director del hospital Masvernat de Concordia, Mauro Dodorico, explic\u00f3 los alcances de las medidas preventivas que debi\u00f3 reestablecer el nosocomio ante el incremento de los casos de COVID &nbsp; &nbsp; El profesional coment\u00f3 que por recomendaci\u00f3n del &#8220;comit\u00e9 de Infectolog\u00eda del hospital, con el equipo de infect\u00f3logos y viendo el n\u00famero de casos de patolog\u00edas respiratorias &#8211; principalmente lo que refiere a COVID-19 en estas \u00faltimas tres semanas &#8211; se decidi\u00f3 adoptar un n\u00famero de medidas respecto a la prevenci\u00f3n de infecciones&#8221;. Adem\u00e1s, cit\u00f3 Dodorico, el objetivo es &#8220;remarcar&#8230;<\/p>\n","protected":false},"author":3,"featured_media":60119,"comment_status":"closed","ping_status":"closed","sticky":false,"template":"","format":"standard","meta":[],"categories":[9,15],"tags":[],"_links":{"self":[{"href":"https:\/\/www.actualidadadiario.com\/index.php\/wp-json\/wp\/v2\/posts\/107804"}],"collection":[{"href":"https:\/\/www.actualidadadiario.com\/index.php\/wp-json\/wp\/v2\/posts"}],"about":[{"href":"https:\/\/www.actualidadadiario.com\/index.php\/wp-json\/wp\/v2\/types\/post"}],"author":[{"embeddable":true,"href":"https:\/\/www.actualidadadiario.com\/index.php\/wp-json\/wp\/v2\/users\/3"}],"replies":[{"embeddable":true,"href":"https:\/\/www.actualidadadiario.com\/index.php\/wp-json\/wp\/v2\/comments?post=107804"}],"version-history":[{"count":1,"href":"https:\/\/www.actualidadadiario.com\/index.php\/wp-json\/wp\/v2\/posts\/107804\/revisions"}],"predecessor-version":[{"id":107805,"href":"https:\/\/www.actualidadadiario.com\/index.php\/wp-json\/wp\/v2\/posts\/107804\/revisions\/107805"}],"wp:featuredmedia":[{"embeddable":true,"href":"https:\/\/www.actualidadadiario.com\/index.php\/wp-json\/wp\/v2\/media\/60119"}],"wp:attachment":[{"href":"https:\/\/www.actualidadadiario.com\/index.php\/wp-json\/wp\/v2\/media?parent=107804"}],"wp:term":[{"taxonomy":"category","embeddable":true,"href":"https:\/\/www.actualidadadiario.com\/index.php\/wp-json\/wp\/v2\/categories?post=107804"},{"taxonomy":"post_tag","embeddable":true,"href":"https:\/\/www.actualidadadiario.com\/index.php\/wp-json\/wp\/v2\/tags?post=107804"}],"curies":[{"name":"wp","href":"https:\/\/api.w.org\/{rel}","templated":true}]}}