{"id":107801,"date":"2023-09-12T11:36:24","date_gmt":"2023-09-12T14:36:24","guid":{"rendered":"https:\/\/www.actualidadadiario.com\/?p=107801"},"modified":"2023-09-12T11:36:24","modified_gmt":"2023-09-12T14:36:24","slug":"finalizo-la-primera-etapa-del-nuevo-edifico-de-tribunales-en-federacion","status":"publish","type":"post","link":"https:\/\/www.actualidadadiario.com\/index.php\/2023\/09\/12\/finalizo-la-primera-etapa-del-nuevo-edifico-de-tribunales-en-federacion\/","title":{"rendered":"Finaliz\u00f3 la primera etapa del nuevo edifico de Tribunales en Federaci\u00f3n"},"content":{"rendered":"<p style=\"text-align: center;\"><em><strong>Inspectores de la Direcci\u00f3n de Arquitectura de Poder Judicial firmaron el acta de recepci\u00f3n provisoria de la obra de construcci\u00f3n de la 1\u00b0 Etapa del edificio de Tribunales de Federaci\u00f3n; obra que constituy\u00f3 la ejecuci\u00f3n de su estructura portante, materializada \u00edntegramente en hormig\u00f3n armado<\/strong><\/em><\/p>\n<p>&nbsp;<\/p>\n<p>&nbsp;<\/p>\n<p>El edificio, que se desarrolla en planta baja y dos niveles superiores, tiene una superficie cubierta total de 3.628 m2 y permitir\u00e1 alojar a todos los organismos del Poder Judicial con asiento en esa ciudad y que prev\u00e9, asimismo, la incorporaci\u00f3n de nuevos Juzgados.<\/p>\n<p>Su estructura ha sido calculada para soportar, adem\u00e1s de las grandes cargas que debe resistir un edificio de oficinas, la posible construcci\u00f3n posterior (m\u00e1s adelante en el tiempo) de otros dos niveles a los fines predichos. Todo en consideraci\u00f3n al crecimiento de poblaci\u00f3n de esa jurisdicci\u00f3n que arroja la tasa m\u00e1s elevada de la provincia, seg\u00fan los censos oficiales.<\/p>\n<p>La obra que finaliz\u00f3 fue contratada a la empresa Cocco Construcciones S.R.L., en el marco de la licitaci\u00f3n N\u00b0 17\/19, por un monto base de $45.504.505. Tuvo inicio en fecha 30 de diciembre de 2019 y logr\u00f3 sortear las dificultades que signific\u00f3 el surgimiento de la pandemia de Covid, que la afect\u00f3 en sus comienzos y oblig\u00f3 a su suspensi\u00f3n temporal, pudiendo luego desarrollarse y finalizar dentro de los par\u00e1metros planteados.<\/p>\n<p>En la elevaci\u00f3n al Poder Ejecutivo del anteproyecto de Presupuesto de obras 2024 del Poder Judicial ha sido considerada la continuidad y culminaci\u00f3n de construcci\u00f3n de este edificio, en una obra que se estima requerir\u00e1 de un plazo de aproximadamente tres a\u00f1os para desarrollo.<\/p>\n","protected":false},"excerpt":{"rendered":"<p>Inspectores de la Direcci\u00f3n de Arquitectura de Poder Judicial firmaron el acta de recepci\u00f3n provisoria de la obra de construcci\u00f3n de la 1\u00b0 Etapa del edificio de Tribunales de Federaci\u00f3n; obra que constituy\u00f3 la ejecuci\u00f3n de su estructura portante, materializada \u00edntegramente en hormig\u00f3n armado &nbsp; &nbsp; El edificio, que se desarrolla en planta baja y dos niveles superiores, tiene una superficie cubierta total de 3.628 m2 y permitir\u00e1 alojar a todos los organismos del Poder Judicial con asiento en esa ciudad y que prev\u00e9, asimismo, la incorporaci\u00f3n de nuevos Juzgados&#8230;.<\/p>\n","protected":false},"author":3,"featured_media":107802,"comment_status":"closed","ping_status":"closed","sticky":false,"template":"","format":"standard","meta":[],"categories":[15],"tags":[],"_links":{"self":[{"href":"https:\/\/www.actualidadadiario.com\/index.php\/wp-json\/wp\/v2\/posts\/107801"}],"collection":[{"href":"https:\/\/www.actualidadadiario.com\/index.php\/wp-json\/wp\/v2\/posts"}],"about":[{"href":"https:\/\/www.actualidadadiario.com\/index.php\/wp-json\/wp\/v2\/types\/post"}],"author":[{"embeddable":true,"href":"https:\/\/www.actualidadadiario.com\/index.php\/wp-json\/wp\/v2\/users\/3"}],"replies":[{"embeddable":true,"href":"https:\/\/www.actualidadadiario.com\/index.php\/wp-json\/wp\/v2\/comments?post=107801"}],"version-history":[{"count":1,"href":"https:\/\/www.actualidadadiario.com\/index.php\/wp-json\/wp\/v2\/posts\/107801\/revisions"}],"predecessor-version":[{"id":107803,"href":"https:\/\/www.actualidadadiario.com\/index.php\/wp-json\/wp\/v2\/posts\/107801\/revisions\/107803"}],"wp:featuredmedia":[{"embeddable":true,"href":"https:\/\/www.actualidadadiario.com\/index.php\/wp-json\/wp\/v2\/media\/107802"}],"wp:attachment":[{"href":"https:\/\/www.actualidadadiario.com\/index.php\/wp-json\/wp\/v2\/media?parent=107801"}],"wp:term":[{"taxonomy":"category","embeddable":true,"href":"https:\/\/www.actualidadadiario.com\/index.php\/wp-json\/wp\/v2\/categories?post=107801"},{"taxonomy":"post_tag","embeddable":true,"href":"https:\/\/www.actualidadadiario.com\/index.php\/wp-json\/wp\/v2\/tags?post=107801"}],"curies":[{"name":"wp","href":"https:\/\/api.w.org\/{rel}","templated":true}]}}