{"id":10780,"date":"2017-04-28T09:47:30","date_gmt":"2017-04-28T12:47:30","guid":{"rendered":"http:\/\/actualidadadiario.com\/site\/?p=10780"},"modified":"2017-04-28T09:47:30","modified_gmt":"2017-04-28T12:47:30","slug":"citan-a-lombardi-al-congreso-por-los-despidos-en-radio-nacional","status":"publish","type":"post","link":"https:\/\/www.actualidadadiario.com\/index.php\/2017\/04\/28\/citan-a-lombardi-al-congreso-por-los-despidos-en-radio-nacional\/","title":{"rendered":"Citan a Lombardi al Congreso por los despidos en Radio Nacional"},"content":{"rendered":"<p><strong><em>La comisi\u00f3n de Libertad de Expresi\u00f3n quiere que el director del Sistema Federal de Medios se presente el pr\u00f3ximo jueves en el anexo A de la C\u00e1mara baja<\/em><\/strong><\/p>\n<p>&nbsp;<\/p>\n<p>&nbsp;<\/p>\n<p>&nbsp;<\/p>\n<p>El presidente de la comisi\u00f3n de Libertad de Expresi\u00f3n, Remo Carlotto, invit\u00f3 este jueves al director del Sistema Federal de Medios y Contenidos P\u00fablicos, Hern\u00e1n Lombardi, a concurrir el pr\u00f3ximo jueves al Congreso para que &#8220;informe sobre los motivos de los despidos irregulares y sin causa fundada de 21 exdirectores de Radio Nacional&#8221;.<\/p>\n<p>&nbsp;<\/p>\n<p>De confirmar su presencia, la reuni\u00f3n se llevar\u00eda a cabo el jueves a las 16:30 en el anexo A de la C\u00e1mara baja.<\/p>\n<p>&nbsp;<\/p>\n<p>Tambi\u00e9n fueron citados para la misma fecha y con el mismo prop\u00f3sito el director de Radio y Televisi\u00f3n Argentina, Miguel Pereira, y la directora de Radio Nacional, Ana Gerchenson.<\/p>\n<p>&nbsp;<\/p>\n<p>D\u00edas atr\u00e1s, Lombardi hab\u00eda defendido en el Senado las desvinculaciones, al afirmar que se trataba de &#8220;cargos pol\u00edticos&#8221;.<\/p>\n","protected":false},"excerpt":{"rendered":"<p>La comisi\u00f3n de Libertad de Expresi\u00f3n quiere que el director del Sistema Federal de Medios se presente el pr\u00f3ximo jueves en el anexo A de la C\u00e1mara baja &nbsp; &nbsp; &nbsp; El presidente de la comisi\u00f3n de Libertad de Expresi\u00f3n, Remo Carlotto, invit\u00f3 este jueves al director del Sistema Federal de Medios y Contenidos P\u00fablicos, Hern\u00e1n Lombardi, a concurrir el pr\u00f3ximo jueves al Congreso para que &#8220;informe sobre los motivos de los despidos irregulares y sin causa fundada de 21 exdirectores de Radio Nacional&#8221;. &nbsp; De confirmar su presencia, la&#8230;<\/p>\n","protected":false},"author":3,"featured_media":10781,"comment_status":"closed","ping_status":"closed","sticky":false,"template":"","format":"standard","meta":[],"categories":[18],"tags":[],"_links":{"self":[{"href":"https:\/\/www.actualidadadiario.com\/index.php\/wp-json\/wp\/v2\/posts\/10780"}],"collection":[{"href":"https:\/\/www.actualidadadiario.com\/index.php\/wp-json\/wp\/v2\/posts"}],"about":[{"href":"https:\/\/www.actualidadadiario.com\/index.php\/wp-json\/wp\/v2\/types\/post"}],"author":[{"embeddable":true,"href":"https:\/\/www.actualidadadiario.com\/index.php\/wp-json\/wp\/v2\/users\/3"}],"replies":[{"embeddable":true,"href":"https:\/\/www.actualidadadiario.com\/index.php\/wp-json\/wp\/v2\/comments?post=10780"}],"version-history":[{"count":1,"href":"https:\/\/www.actualidadadiario.com\/index.php\/wp-json\/wp\/v2\/posts\/10780\/revisions"}],"predecessor-version":[{"id":10782,"href":"https:\/\/www.actualidadadiario.com\/index.php\/wp-json\/wp\/v2\/posts\/10780\/revisions\/10782"}],"wp:featuredmedia":[{"embeddable":true,"href":"https:\/\/www.actualidadadiario.com\/index.php\/wp-json\/wp\/v2\/media\/10781"}],"wp:attachment":[{"href":"https:\/\/www.actualidadadiario.com\/index.php\/wp-json\/wp\/v2\/media?parent=10780"}],"wp:term":[{"taxonomy":"category","embeddable":true,"href":"https:\/\/www.actualidadadiario.com\/index.php\/wp-json\/wp\/v2\/categories?post=10780"},{"taxonomy":"post_tag","embeddable":true,"href":"https:\/\/www.actualidadadiario.com\/index.php\/wp-json\/wp\/v2\/tags?post=10780"}],"curies":[{"name":"wp","href":"https:\/\/api.w.org\/{rel}","templated":true}]}}