{"id":107795,"date":"2023-09-12T11:34:47","date_gmt":"2023-09-12T14:34:47","guid":{"rendered":"https:\/\/www.actualidadadiario.com\/?p=107795"},"modified":"2023-09-12T11:34:47","modified_gmt":"2023-09-12T14:34:47","slug":"comenzo-la-inscripcion-para-la-feria-de-carreras-y-oficios-del-becario","status":"publish","type":"post","link":"https:\/\/www.actualidadadiario.com\/index.php\/2023\/09\/12\/comenzo-la-inscripcion-para-la-feria-de-carreras-y-oficios-del-becario\/","title":{"rendered":"Comenz\u00f3 la inscripci\u00f3n para la feria de carreras y oficios del Becario"},"content":{"rendered":"<p style=\"text-align: center;\"><em><strong>El Becario te Muestra 2023 se realizar\u00e1 en el Centro Provincial de Convenciones, en Paran\u00e1, el 10 y 11 de octubre. En el evento se expondr\u00e1 la totalidad de la propuesta educativa p\u00fablica y privada de institutos terciarios, universidades y de escuelas de oficios presentes en la provincia y la regi\u00f3n<\/strong><\/em><\/p>\n<p>&nbsp;<\/p>\n<p>&nbsp;<\/p>\n<p>Las inscripciones para grupos escolares y particulares se hacen a trav\u00e9s de la web del organismo y el acceso es libre y gratuito.<\/p>\n<p>En relaci\u00f3n a este importante encuentro que realiza anualmente el Instituto Becario, el director ejecutivo del organismo provincial, Sebasti\u00e1n B\u00e9rtoli, expres\u00f3: &#8220;La feria de carreras y oficios del Becario es un servicio que brindamos anualmente a los estudiantes secundarios y a cualquier persona que desee retomar o comenzar sus estudios superiores. Este a\u00f1o estaremos nuevamente en el Centro de Convenciones, de Paran\u00e1, y esperamos superar la cantidad de estudiantes que nos visitaron en 2022, que fueron m\u00e1s de 5000&#8221;.<\/p>\n<p>La feria se llevar\u00e1 a cabo los d\u00edas martes 10 y mi\u00e9rcoles 11 de octubre en el CPC, de Paran\u00e1, que cuenta con amplios y c\u00f3modos espacios para su desarrollo. El martes la actividad se desarrollar\u00e1 desde las 10 y se extender\u00e1 hasta las 20, mientras que al d\u00eda siguiente ser\u00e1 desde las 9 y hasta las 18. All\u00ed se instalar\u00e1n los stands donde se brindar\u00e1 informaci\u00f3n sobre las posibilidades de estudio en las 12 universidades y los m\u00e1s de 39 institutos terciarios que existen en la provincia de Entre R\u00edos, como as\u00ed tambi\u00e9n de la regi\u00f3n.<\/p>\n<p>Las inscripciones para escuelas de toda la provincia y la regi\u00f3n, al igual que y particulares se hacen a trav\u00e9s de la web del Becario en: https:\/\/www.institutobecario.gov.ar\/inscripcionferia.php . Se recuerda que el acceso ser\u00e1 libre y gratuito.<\/p>\n<p>&nbsp;<\/p>\n<p><strong>Detalles de la feria 2022<\/strong><\/p>\n<p>\u201cEl a\u00f1o pasado nos visitaron estudiantes de distintos puntos de la provincia. Eso habla de la amplitud de la feria y es algo que nos sorprende gratamente porque, aparte de proponernos desaf\u00edos constantes, a\u00f1o a a\u00f1o superamos el n\u00famero de visitantes de ediciones anteriores, y esperemos que sea una experiencia importante para los chicos&#8221;, dijo B\u00e9rtoli sobre el convocante evento.<\/p>\n<p>De la feria en 2022 participaron estudiantes junto a docentes de localidades de todos los departamentos de la provincia, quienes viajaron hasta la capital entrerriana para interiorizarse sobre toda la oferta acad\u00e9mica que existe en Entre R\u00edos y la regi\u00f3n.<\/p>\n<p>El Becario te Muestra tiene como objetivo principal visibilizar la oferta acad\u00e9mica existente en la provincia, para que los estudiantes entrerrianos puedan conocerla y tomar una decisi\u00f3n habiendo recibido toda la informaci\u00f3n necesaria a trav\u00e9s de este encuentro donde se concentran todas las alternativas disponibles en Entre R\u00edos, tanto de establecimientos p\u00fablicos como privados.<\/p>\n<p>La entrada ser\u00e1 libre y gratuita y se concretar\u00e1 ambos d\u00edas en turnos de ma\u00f1ana y de tarde, facilitando el acceso y la concurrencia a los estudiantes que provengan de diferentes localidades de la provincia.<\/p>\n<p>&#8220;Con la feria, al igual que con todos los programas y servicios que brindamos desde el Instituto, seguimos apostando y apoyando la educaci\u00f3n en todos sus niveles para que los entrerrianos se sientan acompa\u00f1ados y contenidos. En el mismo sentido, fomentamos el arraigo en la provincia, que es una de las l\u00edneas de acci\u00f3n que nos propuso nuestro gobernador, Gustavo Bordet&#8221;, manifest\u00f3 B\u00e9rtoli.<\/p>\n<p>&nbsp;<\/p>\n<p><strong>La feria y sus comienzos<\/strong><\/p>\n<p>El Becario te Muestra se lleva adelante anualmente desde 2013, consider\u00e1ndose una importante herramienta de acompa\u00f1amiento a las y los estudiantes entrerrianos. Comenz\u00f3 en la ciudad de Paran\u00e1, con visitas de j\u00f3venes de toda la provincia, y luego se replic\u00f3 en Concepci\u00f3n del Uruguay de manera presencial.<\/p>\n<p>La feria de carreras visibiliza las propuestas acad\u00e9micas del nivel superior, tanto de la provincia como de la regi\u00f3n, brindando informaci\u00f3n amplia y a la vez precisa sobre planes de estudio, sitios y modalidades de cursado, salidas laborales y mucho m\u00e1s.<\/p>\n<p>Entre sus objetivos se encuentra el de incentivar a j\u00f3venes y adultos a formarse en alguna de las instituciones que est\u00e1n presentes en la provincia, las cuales ofrecen una amplia gama de oportunidades.<\/p>\n","protected":false},"excerpt":{"rendered":"<p>El Becario te Muestra 2023 se realizar\u00e1 en el Centro Provincial de Convenciones, en Paran\u00e1, el 10 y 11 de octubre. En el evento se expondr\u00e1 la totalidad de la propuesta educativa p\u00fablica y privada de institutos terciarios, universidades y de escuelas de oficios presentes en la provincia y la regi\u00f3n &nbsp; &nbsp; Las inscripciones para grupos escolares y particulares se hacen a trav\u00e9s de la web del organismo y el acceso es libre y gratuito. En relaci\u00f3n a este importante encuentro que realiza anualmente el Instituto Becario, el director&#8230;<\/p>\n","protected":false},"author":3,"featured_media":107796,"comment_status":"closed","ping_status":"closed","sticky":false,"template":"","format":"standard","meta":[],"categories":[15],"tags":[],"_links":{"self":[{"href":"https:\/\/www.actualidadadiario.com\/index.php\/wp-json\/wp\/v2\/posts\/107795"}],"collection":[{"href":"https:\/\/www.actualidadadiario.com\/index.php\/wp-json\/wp\/v2\/posts"}],"about":[{"href":"https:\/\/www.actualidadadiario.com\/index.php\/wp-json\/wp\/v2\/types\/post"}],"author":[{"embeddable":true,"href":"https:\/\/www.actualidadadiario.com\/index.php\/wp-json\/wp\/v2\/users\/3"}],"replies":[{"embeddable":true,"href":"https:\/\/www.actualidadadiario.com\/index.php\/wp-json\/wp\/v2\/comments?post=107795"}],"version-history":[{"count":1,"href":"https:\/\/www.actualidadadiario.com\/index.php\/wp-json\/wp\/v2\/posts\/107795\/revisions"}],"predecessor-version":[{"id":107797,"href":"https:\/\/www.actualidadadiario.com\/index.php\/wp-json\/wp\/v2\/posts\/107795\/revisions\/107797"}],"wp:featuredmedia":[{"embeddable":true,"href":"https:\/\/www.actualidadadiario.com\/index.php\/wp-json\/wp\/v2\/media\/107796"}],"wp:attachment":[{"href":"https:\/\/www.actualidadadiario.com\/index.php\/wp-json\/wp\/v2\/media?parent=107795"}],"wp:term":[{"taxonomy":"category","embeddable":true,"href":"https:\/\/www.actualidadadiario.com\/index.php\/wp-json\/wp\/v2\/categories?post=107795"},{"taxonomy":"post_tag","embeddable":true,"href":"https:\/\/www.actualidadadiario.com\/index.php\/wp-json\/wp\/v2\/tags?post=107795"}],"curies":[{"name":"wp","href":"https:\/\/api.w.org\/{rel}","templated":true}]}}