{"id":107792,"date":"2023-09-11T15:46:41","date_gmt":"2023-09-11T18:46:41","guid":{"rendered":"https:\/\/www.actualidadadiario.com\/?p=107792"},"modified":"2023-09-11T15:46:41","modified_gmt":"2023-09-11T18:46:41","slug":"miles-de-chilenos-marcharon-en-conmemoracion-a-las-victimas-a-50-anos-del-golpe-de-estado","status":"publish","type":"post","link":"https:\/\/www.actualidadadiario.com\/index.php\/2023\/09\/11\/miles-de-chilenos-marcharon-en-conmemoracion-a-las-victimas-a-50-anos-del-golpe-de-estado\/","title":{"rendered":"Miles de chilenos marcharon en conmemoraci\u00f3n a las v\u00edctimas, a 50 a\u00f1os del golpe de Estado"},"content":{"rendered":"<p style=\"text-align: center;\"><em><strong>El presidente de Chile, Gabriel Boric, particip\u00f3 en las marchas, que reunieron a unas 5.000 personas, seg\u00fan el Gobierno. Un d\u00eda antes de cumplirse los 50 a\u00f1os del golpe de Estado al Gobierno democr\u00e1tico de Salvador Allende, figuras internacionales como el presidente mexicano, Andr\u00e9s Manuel L\u00f3pez Obrador, y el juez Baltasar Garz\u00f3n tambi\u00e9n participaron de las conmemoraciones, que registraron algunos disturbios entre polic\u00edas y manifestantes en la capital chilena<\/strong><\/em><\/p>\n<p>&nbsp;<\/p>\n<p>&nbsp;<\/p>\n<p>Este 11 de septiembre se cumplir\u00e1 medio siglo desde el derrocamiento del presidente Salvador Allende por parte de un golpe militar liderado por Augusto Pinochet. Este marc\u00f3 el comienzo de 17 a\u00f1os de un r\u00e9gimen dictatorial que dej\u00f3 m\u00e1s 40.000 v\u00edctimas directas, entre encarcelados, desaparecidos, torturados y asesinados.<\/p>\n<p>Los actos conmemorativos empezaron desde este domingo 10 de septiembre con manifestaciones en Santiago de Chile. El presidente chileno, Gabriel Boric, particip\u00f3 de marchas, organizadas por asociaciones de v\u00edctimas, y tambi\u00e9n lo hicieron miembros de su Gobierno como la portavoz, Camila Vallejo, y dirigentes del Partido Comunista de Chile.<\/p>\n<p>Fueron varios los puntos de las manifestaciones pero el momento m\u00e1s simb\u00f3lico se produjo frente a Morand\u00e9 80, la m\u00edtica puerta del Palacio de la Moneda por la que sali\u00f3 hace medio siglo el cuerpo del presidente Allende, quien se suicid\u00f3 durante el ataque de las fuerzas golpistas, y por la que nunca hab\u00eda pasado la marcha desde que iniciaron las protestas en democracia.<\/p>\n<p>Otro de los puntos de la conmemoraci\u00f3n fue en el interior del cementerio donde se realiza la tradicional ofrenda de flores frente al muro de los detenidos desaparecidos. All\u00ed se coloc\u00f3 un cartel con los rostros de algunos de ellos, y se decor\u00f3 su base con claveles rojos y velas en una ceremonia \u00edntima en la que se escucharon frases como &#8220;Allende, presente&#8221; o &#8220;desaparecidos presentes&#8221;.<\/p>\n<p>Una de las participantes de la conmemoraci\u00f3n y quien perdi\u00f3 a su padre durante la dictadura de Pinochet explic\u00f3 la importancia de estas manifestaciones a la agencia de noticias EFE: &#8220;A mi pap\u00e1 lo mataron, lo hicieron desaparecer. Yo no quiero que esto ocurra m\u00e1s, no quiero que mi hijo tenga alg\u00fan d\u00eda que pasar por el infierno que nosotros pasamos&#8221;.<\/p>\n<p>La b\u00fasqueda de justicia y verdad para las v\u00edctimas de la dictadura contin\u00faa y es un tema sensible en un pa\u00eds donde ciertos sectores de la poblaci\u00f3n justifican la represi\u00f3n ocurrida bajo el r\u00e9gimen de Pinochet. A\u00fan en la actualidad, 33 a\u00f1os despu\u00e9s del fin de la dictadura, el derecho a la protesta y los movimientos de izquierda son estigmatizados en el pa\u00eds austral.<\/p>\n<p>En 2019, las protestas generalizadas contra la desigualdad en Chile dejaron m\u00e1s de 30 muertos. Grupos de derechos humanos han cuestionado la respuesta policial durante esas protestas, ocurridas durante el Gobierno del derechista Sebasti\u00e1n Pi\u00f1era, que dejaron a cientos de manifestantes cegados por balas de goma y decenas de miles de personas detenidas.<\/p>\n<p>&nbsp;<\/p>\n<p><strong>Boric y la oposici\u00f3n rechazan actos de violencia durante la conmemoraci\u00f3n<\/strong><\/p>\n<p>A pesar de que el Gobierno hab\u00eda convocado a la manifestaci\u00f3n de forma pac\u00edfica, algunos manifestantes arrojaron piedras contra el Palacio de la Moneda, sede de Gobierno, rompieron las barreras de seguridad y da\u00f1aron el acceso a un centro cultural ubicado en el edificio.<\/p>\n<p>Tambi\u00e9n se produjeron enfrentamientos con la polic\u00eda en otras partes de la ciudad durante la marcha, y algunos manifestantes lanzaron c\u00f3cteles molotov y levantaron barricadas.<\/p>\n<p>En el interior de un cementerio que alberga un monumento a las v\u00edctimas del r\u00e9gimen de Pinochet, algunos mausoleos resultaron da\u00f1ados, incluido el de un senador de derecha.<\/p>\n<p>Seg\u00fan el Gobierno, tres polic\u00edas resultaron heridos y tres personas fueron arrestadas. El presidente Boric &#8220;conden\u00f3 categ\u00f3ricamente estos hechos&#8221; y rechaz\u00f3 &#8220;la irracionalidad de atacar aquello por lo que lucharon Allende y tantos otros dem\u00f3cratas\u201d.<\/p>\n<p>Por su parte, la coalici\u00f3n de derecha Chile Vamos, un conglomerado que re\u00fane a los partidos de la derecha tradicional, tambi\u00e9n rechaz\u00f3 en una declaraci\u00f3n los actos vand\u00e1licos, que catalog\u00f3 de &#8220;lamentables hechos de violencia&#8221;.<\/p>\n<p>Para el lunes, el Gobierno Boric ha planeado un acto en el que pretende que diversas fuerzas pol\u00edticas firmen el llamado &#8216;Compromiso de Santiago&#8217;, un documento de cuatro puntos en el que se comprometen a proteger la democracia. Sin embargo, la derecha, con Chile Vamos al frente, se ha desmarcado del evento y ha anunciado que realizar\u00e1 una conmemoraci\u00f3n por su cuenta.<\/p>\n<p>La conmemoraci\u00f3n por los 50 a\u00f1os del golpe militar tiene lugar en medio de un aumento de la polarizaci\u00f3n en el pa\u00eds austral. En los \u00faltimos a\u00f1os ha incrementado el n\u00famero de personas que consideran que hubo motivos para el golpe contra Allende, de acuerdo a una reciente encuesta de CERC-Mori.<\/p>\n<p>La marcha en conmemoraci\u00f3n al golpe de Estado contra Salvador Allende se realiza cada a\u00f1o y es organizada por los familiares de v\u00edctimas de la dictadura de Pinochet. Su car\u00e1cter es pac\u00edfico pero suele tornarse violenta por peque\u00f1os grupos de personas. Boric asegur\u00f3 que quienes propiciaron los disturbios &#8220;buscaron disolver la manifestaci\u00f3n atacando a otros manifestantes y violando brutalmente tumbas en el cementerio general&#8221;.<\/p>\n<p>&nbsp;<\/p>\n<p><strong>Presencia internacional para conmemorar los 50 a\u00f1os del golpe de Estado<\/strong><\/p>\n<p>Uno de los pa\u00edses latinoamericanos que dio refugio pol\u00edtico a quienes hu\u00edan de la dictadura de Pinochet fue M\u00e9xico, a donde llegaron 3.000 chilenos durante los 17 a\u00f1os de terror.<\/p>\n<p>Consciente de ello, el presidente mexicano, Andr\u00e9s Manuel L\u00f3pez Obrador, estuvo en Chile y se reuni\u00f3 con su hom\u00f3logo chileno. Ambos mandatarios pidieron el fortalecimiento de la democracia en Am\u00e9rica Latina durante un discurso conjunto el domingo.<\/p>\n<p>L\u00f3pez Obrador record\u00f3 c\u00f3mo lo impact\u00f3 el golpe de Pinochet cuando era estudiante universitario. Elogi\u00f3 a Allende y calific\u00f3 su muerte durante el golpe de &#8220;crimen horrendo&#8221;. &#8220;Nos une la historia, la hermandad y el deseo de seguir construyendo una aut\u00e9ntica democracia&#8221;, afirm\u00f3 L\u00f3pez Obrador.<\/p>\n<p>Por su parte, Boric exalt\u00f3 la presencia del presidente mexicano al afirmar que su visita &#8220;es un ejemplo concreto de esta historia que nos une y de su compromiso con el fortalecimiento de la democracia en Am\u00e9rica Latina&#8221;.<\/p>\n<p>Otra figura relevante y simb\u00f3lica que particip\u00f3 de los primeros actos conmemorativos fue el juez espa\u00f1ol Baltasar Garz\u00f3n, quien el 16 de octubre de 1998, apoyado en el principio de Jurisdicci\u00f3n Universal, logr\u00f3 el arresto domiciliario del general Augusto Pinochet; lo que marc\u00f3 un hito en el tratamiento penal de autores de cr\u00edmenes contra la humanidad.<\/p>\n<p>Para los actos programados para el lunes, se espera la presencia de varios l\u00edderes regionales. Asistir\u00e1n los mandatarios de Colombia, Gustavo Petro; Bolivia, Luis Arce; y Uruguay, Luis Lacalle Pou, as\u00ed como el primer ministro de Portugal, Ant\u00f3nio Costa. Sin embargo, aunque se esperaba que el presidente argentino, Alberto Fern\u00e1ndez, acudiera, la Canciller\u00eda chilena inform\u00f3 que no podr\u00e1 hacerlo por un retraso en su agenda tras asistir a la cumbre del G20 este fin de semana en India.<\/p>\n<p>Tambi\u00e9n se ha confirmado que acudir\u00e1 el asesor presidencial especial de Estados Unidos para las Am\u00e9ricas, Christopher Dodd, inform\u00f3 el Departamento de Estado del pa\u00eds norteamericano. Su presencia ha sido promovida por parte de EE. UU. como una muestra de la valoraci\u00f3n que da Washington a la relaci\u00f3n con Chile y a su &#8220;defensa de la democracia&#8221;.<\/p>\n<p>A 50 a\u00f1os del golpe militar, el rol que jug\u00f3 Estados Unidos en ese momento hist\u00f3rico sigue siendo cuestionado por las v\u00edctimas de la dictadura. Si bien Washington siempre ha negado una vinculaci\u00f3n directa con los autores del Golpe de estado en 1973, documentos de Estado desclasificados en las \u00faltimas d\u00e9cadas han dado muestra de que el Gobierno de Richard Nixon sabote\u00f3 al de Salvador Allende y apoy\u00f3 a la dictadura de Pinochet en sus primeros a\u00f1os.<\/p>\n","protected":false},"excerpt":{"rendered":"<p>El presidente de Chile, Gabriel Boric, particip\u00f3 en las marchas, que reunieron a unas 5.000 personas, seg\u00fan el Gobierno. Un d\u00eda antes de cumplirse los 50 a\u00f1os del golpe de Estado al Gobierno democr\u00e1tico de Salvador Allende, figuras internacionales como el presidente mexicano, Andr\u00e9s Manuel L\u00f3pez Obrador, y el juez Baltasar Garz\u00f3n tambi\u00e9n participaron de las conmemoraciones, que registraron algunos disturbios entre polic\u00edas y manifestantes en la capital chilena &nbsp; &nbsp; Este 11 de septiembre se cumplir\u00e1 medio siglo desde el derrocamiento del presidente Salvador Allende por parte de un&#8230;<\/p>\n","protected":false},"author":3,"featured_media":107793,"comment_status":"closed","ping_status":"closed","sticky":false,"template":"","format":"standard","meta":[],"categories":[4],"tags":[],"_links":{"self":[{"href":"https:\/\/www.actualidadadiario.com\/index.php\/wp-json\/wp\/v2\/posts\/107792"}],"collection":[{"href":"https:\/\/www.actualidadadiario.com\/index.php\/wp-json\/wp\/v2\/posts"}],"about":[{"href":"https:\/\/www.actualidadadiario.com\/index.php\/wp-json\/wp\/v2\/types\/post"}],"author":[{"embeddable":true,"href":"https:\/\/www.actualidadadiario.com\/index.php\/wp-json\/wp\/v2\/users\/3"}],"replies":[{"embeddable":true,"href":"https:\/\/www.actualidadadiario.com\/index.php\/wp-json\/wp\/v2\/comments?post=107792"}],"version-history":[{"count":1,"href":"https:\/\/www.actualidadadiario.com\/index.php\/wp-json\/wp\/v2\/posts\/107792\/revisions"}],"predecessor-version":[{"id":107794,"href":"https:\/\/www.actualidadadiario.com\/index.php\/wp-json\/wp\/v2\/posts\/107792\/revisions\/107794"}],"wp:featuredmedia":[{"embeddable":true,"href":"https:\/\/www.actualidadadiario.com\/index.php\/wp-json\/wp\/v2\/media\/107793"}],"wp:attachment":[{"href":"https:\/\/www.actualidadadiario.com\/index.php\/wp-json\/wp\/v2\/media?parent=107792"}],"wp:term":[{"taxonomy":"category","embeddable":true,"href":"https:\/\/www.actualidadadiario.com\/index.php\/wp-json\/wp\/v2\/categories?post=107792"},{"taxonomy":"post_tag","embeddable":true,"href":"https:\/\/www.actualidadadiario.com\/index.php\/wp-json\/wp\/v2\/tags?post=107792"}],"curies":[{"name":"wp","href":"https:\/\/api.w.org\/{rel}","templated":true}]}}