{"id":107786,"date":"2023-09-11T15:45:09","date_gmt":"2023-09-11T18:45:09","guid":{"rendered":"https:\/\/www.actualidadadiario.com\/?p=107786"},"modified":"2023-09-11T15:45:09","modified_gmt":"2023-09-11T18:45:09","slug":"eeuu-conmemoro-los-ataques-del-11-s-con-actos-en-el-pentagono-y-el-world-trade-center","status":"publish","type":"post","link":"https:\/\/www.actualidadadiario.com\/index.php\/2023\/09\/11\/eeuu-conmemoro-los-ataques-del-11-s-con-actos-en-el-pentagono-y-el-world-trade-center\/","title":{"rendered":"EEUU conmemor\u00f3 los ataques del 11-S con actos en el Pent\u00e1gono y el World Trade Center"},"content":{"rendered":"<p style=\"text-align: center;\"><em><strong>En 2001, islamistas secuestraron aviones de pasajeros y los estrellaron contra las torres gemelas del World Trade Center de Nueva York y el Pent\u00e1gono<\/strong><\/em><\/p>\n<p>&nbsp;<\/p>\n<p>&nbsp;<\/p>\n<p>Los estadounidenses hicieron una pausa este lunes para recordar los ataques del 11de septiembre de 2001, 22 a\u00f1os despu\u00e9s de que islamistas secuestraran aviones de pasajeros y los estrellaran contra las torres gemelas del World Trade Center de Nueva York y el Pent\u00e1gono.<\/p>\n<p>El presidente Joe Biden viajaba a Alaska para concluir una gira de cinco d\u00edas a la India y Vietnam, e iba a pronunciar un discurso en una ceremonia solemne en Anchorage.<\/p>\n<p>La decisi\u00f3n de Biden de realizar el acto en Alaska, en lugar de Washington o Nueva York, se apart\u00f3 de lo que fue una costumbre presidencial.<\/p>\n<p>La vicepresidenta Kamala Harris, Douglas Emhoff y otros funcionarios se unieron a las familias de los fallecidos en los dos aviones que se estrellaron contra las torres y a los que se encontraban en tierra en el Memorial del 11-S, que ocupa las huellas del edificio derribado para recordar la tragedia.<\/p>\n<p>Al otro lado del r\u00edo Potomac, en Washington, las autoridades del Pent\u00e1gono realizaron el tradicional acto en el cuartel general del ej\u00e9rcito estadounidense.<\/p>\n<p>Los ataques dejaron m\u00e1s de 3.000 personas muertas y llevaron al entonces presidente George W. Bush a lanzar una &#8220;guerra global contra el terrorismo&#8221; que incluy\u00f3 un asalto militar a Afganist\u00e1n para encontrar al l\u00edder de Al Qaeda, Osama Bin Laden.<\/p>\n<p>El mencionado terrorista eludi\u00f3 la captura hasta que fue abatido en una redada estadounidense en su complejo de Pakist\u00e1n en 2011, ordenada por el entonces presidente Barack Obama.<\/p>\n<p>Los ataques del 11-S fueron el peor atentado en suelo estadounidense desde el ataque japon\u00e9s a Pearl Harbor, Haw\u00e1i, en 1941, en el que murieron 2.400 personas.<\/p>\n","protected":false},"excerpt":{"rendered":"<p>En 2001, islamistas secuestraron aviones de pasajeros y los estrellaron contra las torres gemelas del World Trade Center de Nueva York y el Pent\u00e1gono &nbsp; &nbsp; Los estadounidenses hicieron una pausa este lunes para recordar los ataques del 11de septiembre de 2001, 22 a\u00f1os despu\u00e9s de que islamistas secuestraran aviones de pasajeros y los estrellaran contra las torres gemelas del World Trade Center de Nueva York y el Pent\u00e1gono. El presidente Joe Biden viajaba a Alaska para concluir una gira de cinco d\u00edas a la India y Vietnam, e iba&#8230;<\/p>\n","protected":false},"author":3,"featured_media":107787,"comment_status":"closed","ping_status":"closed","sticky":false,"template":"","format":"standard","meta":[],"categories":[4],"tags":[],"_links":{"self":[{"href":"https:\/\/www.actualidadadiario.com\/index.php\/wp-json\/wp\/v2\/posts\/107786"}],"collection":[{"href":"https:\/\/www.actualidadadiario.com\/index.php\/wp-json\/wp\/v2\/posts"}],"about":[{"href":"https:\/\/www.actualidadadiario.com\/index.php\/wp-json\/wp\/v2\/types\/post"}],"author":[{"embeddable":true,"href":"https:\/\/www.actualidadadiario.com\/index.php\/wp-json\/wp\/v2\/users\/3"}],"replies":[{"embeddable":true,"href":"https:\/\/www.actualidadadiario.com\/index.php\/wp-json\/wp\/v2\/comments?post=107786"}],"version-history":[{"count":1,"href":"https:\/\/www.actualidadadiario.com\/index.php\/wp-json\/wp\/v2\/posts\/107786\/revisions"}],"predecessor-version":[{"id":107788,"href":"https:\/\/www.actualidadadiario.com\/index.php\/wp-json\/wp\/v2\/posts\/107786\/revisions\/107788"}],"wp:featuredmedia":[{"embeddable":true,"href":"https:\/\/www.actualidadadiario.com\/index.php\/wp-json\/wp\/v2\/media\/107787"}],"wp:attachment":[{"href":"https:\/\/www.actualidadadiario.com\/index.php\/wp-json\/wp\/v2\/media?parent=107786"}],"wp:term":[{"taxonomy":"category","embeddable":true,"href":"https:\/\/www.actualidadadiario.com\/index.php\/wp-json\/wp\/v2\/categories?post=107786"},{"taxonomy":"post_tag","embeddable":true,"href":"https:\/\/www.actualidadadiario.com\/index.php\/wp-json\/wp\/v2\/tags?post=107786"}],"curies":[{"name":"wp","href":"https:\/\/api.w.org\/{rel}","templated":true}]}}