{"id":107783,"date":"2023-09-11T15:44:15","date_gmt":"2023-09-11T18:44:15","guid":{"rendered":"https:\/\/www.actualidadadiario.com\/?p=107783"},"modified":"2023-09-11T15:44:15","modified_gmt":"2023-09-11T18:44:15","slug":"para-rusia-no-es-prioridad-restablecer-relaciones-con-europa","status":"publish","type":"post","link":"https:\/\/www.actualidadadiario.com\/index.php\/2023\/09\/11\/para-rusia-no-es-prioridad-restablecer-relaciones-con-europa\/","title":{"rendered":"Para Rusia no es &#8220;prioridad&#8221; restablecer relaciones con Europa"},"content":{"rendered":"<p style=\"text-align: center;\"><em><strong>&#8220;No tenemos canales directos para el di\u00e1logo, es in\u00fatil, porque nadie est\u00e1 dispuesto a aceptar ning\u00fan argumento. Hay pocos l\u00edderes que est\u00e9n dispuestos a superar el sistema de mando establecido en la Alianza del Atl\u00e1ntico Norte&#8221;, dijo Dmitri Peskov, vocero del Kremlin<\/strong><\/em><\/p>\n<p>&nbsp;<\/p>\n<p>&nbsp;<\/p>\n<p>Rusia no tiene entre sus prioridades restablecer el di\u00e1logo con Europa, y espera eliminar m\u00e1s eficazmente y por completo la amenaza de drones, afirm\u00f3 el vocero del Kremlin, Dmitri Peskov, mientras que Ucrania afirm\u00f3 que habr\u00eda recuperado una plataforma petrolera en el mar Negro.<\/p>\n<p>&#8220;No tenemos canales directos para el di\u00e1logo, es in\u00fatil, porque nadie est\u00e1 dispuesto a aceptar ning\u00fan argumento. Hay pocos l\u00edderes que est\u00e9n dispuestos a superar el sistema de mando establecido en la Alianza del Atl\u00e1ntico Norte&#8221;, dijo Peskov en una entrevista para el canal ruso RBK, que recoge la agencia de noticias Europa Press.<\/p>\n<p>El vocero lament\u00f3 que sean cada vez menos las &#8220;fuerzas en Europa que mantienen la sobriedad pol\u00edtica&#8221;, pero, sin embargo, mostr\u00f3 confianza en que en el futuro todo cambie.<\/p>\n<p>&#8220;Esperamos que con el tiempo se creen las condiciones para la reanudaci\u00f3n de este di\u00e1logo&#8221;, tanto con Occidente como con Ucrania, apunt\u00f3, a la vez que sostuvo que Mosc\u00fa hizo todo lo posible para evitar la invasi\u00f3n y que la &#8220;operaci\u00f3n militar especial&#8221;, como Rusia califica la invasi\u00f3n, era &#8220;la \u00faltima opci\u00f3n&#8221;.<\/p>\n<p>Por otro lado, el vocero del Kremlin sostuvo que esperaban eliminar de forma m\u00e1s eficaz y por completo la amenaza de los drones.<\/p>\n<p>Peskov se\u00f1al\u00f3 que los militares y los servicios de seguridad rusos est\u00e1n adquiriendo la experiencia necesaria y perfeccionando sus t\u00e9cnicas para contrarrestar los ataques con drones.<\/p>\n<p>&#8220;Esto dicta probablemente la necesidad de continuar con la operaci\u00f3n militar especial, para detener por completo esta amenaza&#8221;, apunt\u00f3 Peskov y agreg\u00f3 que esta operaci\u00f3n tambi\u00e9n deja su huella en el panorama informativo, que informa a diario sobre drones que llegan a territorio ruso.<\/p>\n<p>Estos drones son abatidos por sistemas antia\u00e9reos o suprimidos con guerra electr\u00f3nica, pero sus fragmentos provocan a veces da\u00f1os materiales y heridos.<\/p>\n<p>&nbsp;<\/p>\n<p><strong>Visita de Kim Jong-un<\/strong><\/p>\n<p>Asimismo, el l\u00edder de Corea del Norte, Kim Jong-un, realizar\u00e1 una visita oficial a Rusia en los pr\u00f3ximos d\u00edas, seg\u00fan inform\u00f3 el servicio de prensa del Kremlin.<\/p>\n<p>Desde hace d\u00edas se especula que Kim, que rara vez sale de su pa\u00eds y no ha viajado desde la pandemia de coronavirus, podr\u00eda reunirse con Putin para discutir un acuerdo armament\u00edstico.<\/p>\n<p>&nbsp;<\/p>\n<p><strong>Avance ucraniano<\/strong><\/p>\n<p>Por otra parte, Ucrania afirm\u00f3 haber recuperado una plataforma petrol\u00edfera y gas\u00edstica en el mar Negro controlada por Rusia desde 2015, ante nuevas tensiones en las aguas pr\u00f3ximas a los puertos ucranianos.<\/p>\n<p>&#8220;Ucrania recupera el control del Vishki Boika&#8221;, indic\u00f3 el departamento de inteligencia militar del Ministerio de Defensa ucraniano en un comunicado, inform\u00f3 la agencia de noticias AFP.<\/p>\n<p>Durante la operaci\u00f3n, &#8220;se produjeron combates entre fuerzas especiales ucranianas a bordo de barcos y un avi\u00f3n de combate ruso Su-30&#8221;, a\u00f1adi\u00f3 el texto y afirm\u00f3 que el avi\u00f3n ruso result\u00f3 da\u00f1ado y tuvo que retirarse.<\/p>\n<p>Las unidades ucranianas tomaron un stock de municiones para helic\u00f3pteros y un radar Neva, que permite seguir los movimientos de nav\u00edos en el mar Negro.<\/p>\n<p>El Ministerio de Defensa reivindic\u00f3 el lunes avances en el frente sur, donde su ej\u00e9rcito fue progresando estas \u00faltimas semanas, y en el este, cerca de Bajmut.<\/p>\n<p>Las fuerzas ucranianas &#8220;contin\u00faan sus operaciones ofensivas en el sur&#8221; y avanzaron al sur de Robotyne y en el oeste de Verbove, declar\u00f3 a la televisi\u00f3n p\u00fablica la viceministra de Defensa, Ganna Maliar.<\/p>\n<p>Es en esta zona de la regi\u00f3n de Zaporiyia, que Kiev asegura que &#8220;rompi\u00f3 la primera l\u00ednea de defensa&#8221; rusa, abriendo una v\u00eda a su ofensiva hacia las ciudades de Tokmak y Melitopol, localidades importantes para la log\u00edstica del ej\u00e9rcito ruso.<\/p>\n<p>En la regi\u00f3n de Bajmut, en el este, tambi\u00e9n &#8220;se hicieron avances&#8221; y el ej\u00e9rcito ucraniano progres\u00f3 en la zona de Klishchiivka y Andriivka, precis\u00f3 la viceministra.<\/p>\n<p>El ej\u00e9rcito ucraniano tambi\u00e9n &#8220;tom\u00f3 una parte de Opytne&#8221;, un pueblo pr\u00f3ximo a la ciudad de Avdivka, otro punto caliente del frente, agreg\u00f3.<\/p>\n<p>&nbsp;<\/p>\n<p><strong>Dificultades en la contraofensiva<\/strong><\/p>\n<p>La contraofensiva ucraniana se est\u00e1 encontrando con dificultades debido a las poderosas l\u00edneas de defensa construidas por los rusos, con campos minados, trincheras y trampas antitanques.<\/p>\n<p>Adem\u00e1s, este lunes a la ma\u00f1ana lleg\u00f3 a Kiev, la capital ucraniana, la ministra de Relaciones Exteriores alemana, Annalena Baerbock, en una visita sorpresa, mientras se supo que Berl\u00edn proveer\u00e1 a Kiev de nuevos blindados de infanter\u00eda.<\/p>\n<p>Esta es la cuarta vez que la funcionaria alemana se encuentra en Ucrania desde el comienzo de la guerra, en febrero de 2022.<\/p>\n<p>&#8220;Ucrania tambi\u00e9n defiende nuestra libertad con enorme coraje y determinaci\u00f3n&#8221;, afirm\u00f3 Baerbock al llegar en tren desde Polonia.<\/p>\n<p>&#8220;As\u00ed como Ucrania se sit\u00faa ante nosotros, tambi\u00e9n puede contar con nosotros&#8221; para la ampliaci\u00f3n de la UE como &#8220;consecuencia geopol\u00edtica&#8221; de la guerra de Rusia y para &#8220;nuestro apoyo decisivo a Ucrania en su camino hacia la Uni\u00f3n Europea&#8221;, a\u00f1adi\u00f3 la jefa de la diplomacia germana, seg\u00fan una nota de su Ministerio.<\/p>\n","protected":false},"excerpt":{"rendered":"<p>&#8220;No tenemos canales directos para el di\u00e1logo, es in\u00fatil, porque nadie est\u00e1 dispuesto a aceptar ning\u00fan argumento. Hay pocos l\u00edderes que est\u00e9n dispuestos a superar el sistema de mando establecido en la Alianza del Atl\u00e1ntico Norte&#8221;, dijo Dmitri Peskov, vocero del Kremlin &nbsp; &nbsp; Rusia no tiene entre sus prioridades restablecer el di\u00e1logo con Europa, y espera eliminar m\u00e1s eficazmente y por completo la amenaza de drones, afirm\u00f3 el vocero del Kremlin, Dmitri Peskov, mientras que Ucrania afirm\u00f3 que habr\u00eda recuperado una plataforma petrolera en el mar Negro. &#8220;No tenemos&#8230;<\/p>\n","protected":false},"author":3,"featured_media":107784,"comment_status":"closed","ping_status":"closed","sticky":false,"template":"","format":"standard","meta":[],"categories":[4],"tags":[],"_links":{"self":[{"href":"https:\/\/www.actualidadadiario.com\/index.php\/wp-json\/wp\/v2\/posts\/107783"}],"collection":[{"href":"https:\/\/www.actualidadadiario.com\/index.php\/wp-json\/wp\/v2\/posts"}],"about":[{"href":"https:\/\/www.actualidadadiario.com\/index.php\/wp-json\/wp\/v2\/types\/post"}],"author":[{"embeddable":true,"href":"https:\/\/www.actualidadadiario.com\/index.php\/wp-json\/wp\/v2\/users\/3"}],"replies":[{"embeddable":true,"href":"https:\/\/www.actualidadadiario.com\/index.php\/wp-json\/wp\/v2\/comments?post=107783"}],"version-history":[{"count":1,"href":"https:\/\/www.actualidadadiario.com\/index.php\/wp-json\/wp\/v2\/posts\/107783\/revisions"}],"predecessor-version":[{"id":107785,"href":"https:\/\/www.actualidadadiario.com\/index.php\/wp-json\/wp\/v2\/posts\/107783\/revisions\/107785"}],"wp:featuredmedia":[{"embeddable":true,"href":"https:\/\/www.actualidadadiario.com\/index.php\/wp-json\/wp\/v2\/media\/107784"}],"wp:attachment":[{"href":"https:\/\/www.actualidadadiario.com\/index.php\/wp-json\/wp\/v2\/media?parent=107783"}],"wp:term":[{"taxonomy":"category","embeddable":true,"href":"https:\/\/www.actualidadadiario.com\/index.php\/wp-json\/wp\/v2\/categories?post=107783"},{"taxonomy":"post_tag","embeddable":true,"href":"https:\/\/www.actualidadadiario.com\/index.php\/wp-json\/wp\/v2\/tags?post=107783"}],"curies":[{"name":"wp","href":"https:\/\/api.w.org\/{rel}","templated":true}]}}