{"id":107773,"date":"2023-09-11T14:56:00","date_gmt":"2023-09-11T17:56:00","guid":{"rendered":"https:\/\/www.actualidadadiario.com\/?p=107773"},"modified":"2023-09-11T14:56:00","modified_gmt":"2023-09-11T17:56:00","slug":"alberto-fernandez-a-50-anos-del-golpe-en-chile-estamos-en-un-tiempo-en-el-que-aflora-la-mirada-antidemocratica","status":"publish","type":"post","link":"https:\/\/www.actualidadadiario.com\/index.php\/2023\/09\/11\/alberto-fernandez-a-50-anos-del-golpe-en-chile-estamos-en-un-tiempo-en-el-que-aflora-la-mirada-antidemocratica\/","title":{"rendered":"Alberto Fern\u00e1ndez, a 50 a\u00f1os del Golpe en Chile: &#8220;Estamos en un tiempo en el que aflora la mirada antidemocr\u00e1tica&#8221;"},"content":{"rendered":"<p style=\"text-align: center;\"><em><strong>El Presidente particip\u00f3 de manera virtual de la conmemoraci\u00f3n en el Palacio de la Moneda. Por incompatibilidades de agenda, no puedo acompa\u00f1ar a Gabriel Boric. &#8220;Vivimos para preservar los mejores valores de la democracia&#8221;, plante\u00f3<\/strong><\/em><\/p>\n<p>&nbsp;<\/p>\n<p>&nbsp;<\/p>\n<p>El presidente Alberto Fern\u00e1ndez particip\u00f3 de manera virtual del acto en conmemoraci\u00f3n por los 50 a\u00f1os del Golpe de Estado en Chile. Lo hizo a trav\u00e9s de un video en el que rememor\u00f3 el atentando encabezado por Augusto Pinochet contra el gobierno de Salvador Allende, y aprovech\u00f3 adem\u00e1s para hacer \u00e9nfasis en &#8220;los discursos del odio y el resurgimiento de la mirada antidemocr\u00e1tica en el mundo&#8221;.<\/p>\n<p>&#8220;Estamos en otro tiempo donde afloran los discursos del odio y vuelve aflorar la mirada antidemocr\u00e1tica en el mundo. Es un tiempo que vivimos para preservar los mejores valores de la democracia&#8221;, expres\u00f3 en un video que fue transmitido en la ceremonia organizada por Gabriel Boric.<\/p>\n<p>Al cierre del mismo, concluy\u00f3: &#8220;Quisiera estar all\u00ed, por Salvador Allende, por la democracia, por la libertad, por los derechos humanos violados por Pinochet. Lamentablemente no llego, pero estoy con ustedes. \u00a1Viva Chile!&#8221;.<\/p>\n<p>Si bien el mandatario hab\u00eda confirmado su asistencia luego de que su par chileno lo invitara a participar, por cuestiones de agenda, se vio impedido a llegar a tiempo.<\/p>\n<p>Seg\u00fan explicaron fuentes de Gobierno, el cierre de la Cumbre del Grupo de los 20, celebrada en Nueva Delhi, la India, se extendi\u00f3 m\u00e1s de lo programado y con el extenso viaje de regreso, el mandatario no pudo asistir a la celebraci\u00f3n que tuvo lugar en el Palacio de la Moneda.<\/p>\n<p>&#8220;A\u00fan recuerdo perfectamente aquel 11 de noviembre de 1973 porque la Argentina se conmovi\u00f3 como lo hizo el mundo. Hab\u00edamos visto que m\u00e1s all\u00e1 de la cordillera se hab\u00eda instalado un gobierno popular, que por primera vez estaba revisando las l\u00f3gicas conservadora de una sociedad que se siente due\u00f1a de sus pa\u00edses&#8221;, desarroll\u00f3 el Presidente.<\/p>\n<p>En otro pasaje del mensaje compartido por Boric en sus redes, el Presidente asever\u00f3: &#8220;Eran los d\u00edas de Salvador Allende y todos lo mir\u00e1bamos como un ejemplo, en una democracia que estaba produciendo una revoluci\u00f3n en la sociedad chilena. Aquel 11 de septiembre todo se volvi\u00f3 oscuro, no sab\u00edamos qui\u00e9n era Pinochet, pero si sab\u00edamos lo que pod\u00eda venir en Chile&#8221;.<\/p>\n<p>El Presidente record\u00f3 adem\u00e1s a las m\u00e1s de 40 mil personas perseguidas, asesinadas, torturadas, exiliadas, que tuvieron que escapar de Chile y a los m\u00e1s de mil chilenos a\u00fan desaparecidos.<\/p>\n<p>&#8220;El r\u00e9gimen totalitario y autoritario de Pinochet acab\u00f3 con muchos, con la vida y con la tranquilidad de miles de chilenos y sirvi\u00f3 para que toda Am\u00e9rica Latina viera en \u00e9l a un cruel dictador que definitivamente le hizo mucho da\u00f1o a la democracia chilena&#8221;, asever\u00f3.<\/p>\n<p>Adem\u00e1s, se\u00f1al\u00f3 que &#8220;a\u00fan hoy, en Chile, perduran voces que defienden y recuerdan aquel d\u00eda como un d\u00eda de recuperaci\u00f3n de Chile&#8221;, a las que calific\u00f3 como &#8220;voces que no valoran la democracia y que lo \u00fanico que valoran es seguir sinti\u00e9ndose due\u00f1os de su patria&#8221;.<\/p>\n<p>Por \u00faltimo, resalt\u00f3 la decisi\u00f3n que tom\u00f3 en los \u00faltimos d\u00edas luego de que ordenara quitarle las condecoraciones de la Orden de Mayo y la del Libertador General San Mart\u00edn a Pinochet. &#8220;Ya no va a poder invocar m\u00e1s en su curr\u00edculum, ni \u00e9l ni sus herederos, que la Argentina lo consider\u00f3 digno de la Orden de Mayo ni del libertado general San Mart\u00edn&#8221;, explic\u00f3.<\/p>\n","protected":false},"excerpt":{"rendered":"<p>El Presidente particip\u00f3 de manera virtual de la conmemoraci\u00f3n en el Palacio de la Moneda. Por incompatibilidades de agenda, no puedo acompa\u00f1ar a Gabriel Boric. &#8220;Vivimos para preservar los mejores valores de la democracia&#8221;, plante\u00f3 &nbsp; &nbsp; El presidente Alberto Fern\u00e1ndez particip\u00f3 de manera virtual del acto en conmemoraci\u00f3n por los 50 a\u00f1os del Golpe de Estado en Chile. Lo hizo a trav\u00e9s de un video en el que rememor\u00f3 el atentando encabezado por Augusto Pinochet contra el gobierno de Salvador Allende, y aprovech\u00f3 adem\u00e1s para hacer \u00e9nfasis en &#8220;los&#8230;<\/p>\n","protected":false},"author":3,"featured_media":107774,"comment_status":"closed","ping_status":"closed","sticky":false,"template":"","format":"standard","meta":[],"categories":[18],"tags":[],"_links":{"self":[{"href":"https:\/\/www.actualidadadiario.com\/index.php\/wp-json\/wp\/v2\/posts\/107773"}],"collection":[{"href":"https:\/\/www.actualidadadiario.com\/index.php\/wp-json\/wp\/v2\/posts"}],"about":[{"href":"https:\/\/www.actualidadadiario.com\/index.php\/wp-json\/wp\/v2\/types\/post"}],"author":[{"embeddable":true,"href":"https:\/\/www.actualidadadiario.com\/index.php\/wp-json\/wp\/v2\/users\/3"}],"replies":[{"embeddable":true,"href":"https:\/\/www.actualidadadiario.com\/index.php\/wp-json\/wp\/v2\/comments?post=107773"}],"version-history":[{"count":1,"href":"https:\/\/www.actualidadadiario.com\/index.php\/wp-json\/wp\/v2\/posts\/107773\/revisions"}],"predecessor-version":[{"id":107775,"href":"https:\/\/www.actualidadadiario.com\/index.php\/wp-json\/wp\/v2\/posts\/107773\/revisions\/107775"}],"wp:featuredmedia":[{"embeddable":true,"href":"https:\/\/www.actualidadadiario.com\/index.php\/wp-json\/wp\/v2\/media\/107774"}],"wp:attachment":[{"href":"https:\/\/www.actualidadadiario.com\/index.php\/wp-json\/wp\/v2\/media?parent=107773"}],"wp:term":[{"taxonomy":"category","embeddable":true,"href":"https:\/\/www.actualidadadiario.com\/index.php\/wp-json\/wp\/v2\/categories?post=107773"},{"taxonomy":"post_tag","embeddable":true,"href":"https:\/\/www.actualidadadiario.com\/index.php\/wp-json\/wp\/v2\/tags?post=107773"}],"curies":[{"name":"wp","href":"https:\/\/api.w.org\/{rel}","templated":true}]}}