{"id":107771,"date":"2023-09-11T14:55:15","date_gmt":"2023-09-11T17:55:15","guid":{"rendered":"https:\/\/www.actualidadadiario.com\/?p=107771"},"modified":"2023-09-11T14:55:15","modified_gmt":"2023-09-11T17:55:15","slug":"el-poder-judicial-pidio-un-presupuesto-de-casi-un-billon-de-pesos-para-2024","status":"publish","type":"post","link":"https:\/\/www.actualidadadiario.com\/index.php\/2023\/09\/11\/el-poder-judicial-pidio-un-presupuesto-de-casi-un-billon-de-pesos-para-2024\/","title":{"rendered":"El Poder Judicial pidi\u00f3 un presupuesto de casi un bill\u00f3n de pesos para 2024"},"content":{"rendered":"<p style=\"text-align: center;\"><em><strong>A ese monto hay que sumarle el c\u00e1lculo de necesidades que fij\u00f3 el Consejo de la Magistratura para el mismo per\u00edodo, que trepa a 652.264.898.370 pesos para los tribunales nacionales y federales de todo el pa\u00eds<\/strong><\/em><\/p>\n<p>&nbsp;<\/p>\n<p>&nbsp;<\/p>\n<p>El Poder Judicial complet\u00f3 su pedido de presupuesto al Ejecutivo para 2024 con la sumatoria de lo establecido por la Corte Suprema para s\u00ed misma y del Consejo de la Magistratura para el resto de los tribunales nacionales y federales: casi un bill\u00f3n de pesos.<\/p>\n<p>Seg\u00fan se public\u00f3 hoy en el Bolet\u00edn Oficial, la Corte Suprema de Justicia fij\u00f3 su presupuesto para 2024 en 168.171.111.733 pesos.<\/p>\n<p>A ese monto hay que sumarle el c\u00e1lculo de necesidades que fij\u00f3 el Consejo de la Magistratura para el mismo per\u00edodo, que trepa a 652.264.898.370 pesos para los tribunales nacionales y federales de todo el pa\u00eds.<\/p>\n<p>El c\u00e1lculo no contempla lo que cada provincia destinar\u00e1 a los tribunales locales, que no entran dentro de la \u00f3rbita del presupuesto federal.<\/p>\n<p>Entre la Corte y el Consejo, el presupuesto del Poder Judicial asciende para 2024 a m\u00e1s de 820 mil millones de pesos. La cifra exacta es de 820.436.010.103 pesos.<\/p>\n<p>El Poder Ejecutivo estableci\u00f3 una pol\u00edtica de &#8220;techos presupuestarios&#8221; que fija el tope que cada \u00e1rea y jurisdicci\u00f3n tiene previsto para el pr\u00f3ximo ejercicio.<\/p>\n<p>El Consejo de la Magistratura precis\u00f3 que, en su caso, ese tope significa un 34,4 por ciento menos que sus necesidades.<\/p>\n<p>&nbsp;<\/p>\n<p><strong>Regresa tensi\u00f3n Gobierno vs. Poder Judicial por aumentos<\/strong><\/p>\n<p>Hace unos d\u00edas la Jefatura de Gabinete de ministros rechaz\u00f3, de manera formal, un cambio en las partidas presupuestarias para otorgar un aumento salarial acordado entre la Corte Suprema y el gremio que representa a los trabajadores judiciales. La tensi\u00f3n vuelve a tener protagonismo en un contexto de medidas de fuerza de los sindicatos y luego de que el m\u00e1ximo tribunal hiciera cesar en su cargo a la jueza Ana Mar\u00eda Figueroa, a quien el oficialismo impulsaba para una renovaci\u00f3n por cinco a\u00f1os m\u00e1s. Un panorama que adem\u00e1s cuenta en el paisaje con el juicio pol\u00edtico que el Gobierno contin\u00faa tramitando en Diputados.<\/p>\n<p>\u201cTrat\u00e1ndose de un poder independiente no corresponde en esta \u00f3rbita interpretar las necesidades salariales de Magistrados, Funcionarios y empleados, sino establecer las herramientas que permitan atender los requerimientos de las distintas jurisdicciones. Debe considerarse que los aumentos salariales planteados impactan de igual manera en los haberes del personal del Ministerio P\u00fablico Fiscal y de la Defensor\u00eda General de la Naci\u00f3n, debiendo ser atendidos con recursos del Tesoro Nacional, lo que tensiona la cr\u00edtica situaci\u00f3n de disponibilidad de recursos financieros del Tesoro Nacional debido al contexto mundial y macroecon\u00f3mico local imperante\u201d, es el texto de la nota que Agust\u00edn Rossi envi\u00f3 como respuesta y que promete encender un nuevo foco de conflicto.<\/p>\n","protected":false},"excerpt":{"rendered":"<p>A ese monto hay que sumarle el c\u00e1lculo de necesidades que fij\u00f3 el Consejo de la Magistratura para el mismo per\u00edodo, que trepa a 652.264.898.370 pesos para los tribunales nacionales y federales de todo el pa\u00eds &nbsp; &nbsp; El Poder Judicial complet\u00f3 su pedido de presupuesto al Ejecutivo para 2024 con la sumatoria de lo establecido por la Corte Suprema para s\u00ed misma y del Consejo de la Magistratura para el resto de los tribunales nacionales y federales: casi un bill\u00f3n de pesos. Seg\u00fan se public\u00f3 hoy en el Bolet\u00edn&#8230;<\/p>\n","protected":false},"author":3,"featured_media":101858,"comment_status":"closed","ping_status":"closed","sticky":false,"template":"","format":"standard","meta":[],"categories":[18],"tags":[],"_links":{"self":[{"href":"https:\/\/www.actualidadadiario.com\/index.php\/wp-json\/wp\/v2\/posts\/107771"}],"collection":[{"href":"https:\/\/www.actualidadadiario.com\/index.php\/wp-json\/wp\/v2\/posts"}],"about":[{"href":"https:\/\/www.actualidadadiario.com\/index.php\/wp-json\/wp\/v2\/types\/post"}],"author":[{"embeddable":true,"href":"https:\/\/www.actualidadadiario.com\/index.php\/wp-json\/wp\/v2\/users\/3"}],"replies":[{"embeddable":true,"href":"https:\/\/www.actualidadadiario.com\/index.php\/wp-json\/wp\/v2\/comments?post=107771"}],"version-history":[{"count":1,"href":"https:\/\/www.actualidadadiario.com\/index.php\/wp-json\/wp\/v2\/posts\/107771\/revisions"}],"predecessor-version":[{"id":107772,"href":"https:\/\/www.actualidadadiario.com\/index.php\/wp-json\/wp\/v2\/posts\/107771\/revisions\/107772"}],"wp:featuredmedia":[{"embeddable":true,"href":"https:\/\/www.actualidadadiario.com\/index.php\/wp-json\/wp\/v2\/media\/101858"}],"wp:attachment":[{"href":"https:\/\/www.actualidadadiario.com\/index.php\/wp-json\/wp\/v2\/media?parent=107771"}],"wp:term":[{"taxonomy":"category","embeddable":true,"href":"https:\/\/www.actualidadadiario.com\/index.php\/wp-json\/wp\/v2\/categories?post=107771"},{"taxonomy":"post_tag","embeddable":true,"href":"https:\/\/www.actualidadadiario.com\/index.php\/wp-json\/wp\/v2\/tags?post=107771"}],"curies":[{"name":"wp","href":"https:\/\/api.w.org\/{rel}","templated":true}]}}