{"id":10777,"date":"2017-04-28T09:46:52","date_gmt":"2017-04-28T12:46:52","guid":{"rendered":"http:\/\/actualidadadiario.com\/site\/?p=10777"},"modified":"2017-04-28T09:46:52","modified_gmt":"2017-04-28T12:46:52","slug":"mision-de-la-onu-visitara-jujuy-por-detencion-de-milagro-sala","status":"publish","type":"post","link":"https:\/\/www.actualidadadiario.com\/index.php\/2017\/04\/28\/mision-de-la-onu-visitara-jujuy-por-detencion-de-milagro-sala\/","title":{"rendered":"Misi\u00f3n de la ONU visitar\u00e1 Jujuy por detenci\u00f3n de Milagro Sala"},"content":{"rendered":"<p><em><strong>Un grupo de la ONU viajar\u00e1 a la Argentina con la finalidad de recabar informaci\u00f3n sobre condiciones de detenci\u00f3n<\/strong><\/em><\/p>\n<p>&nbsp;<\/p>\n<p>&nbsp;<\/p>\n<p>&nbsp;<\/p>\n<p>El grupo de trabajo sobre detenci\u00f3n arbitraria de la ONU confirm\u00f3 una visita al pa\u00eds para el mes pr\u00f3ximo tras mantener una reuni\u00f3n con el secretario de Derechos Humanos, Claudio Avruj, en Ginebra.<\/p>\n<p>&nbsp;<\/p>\n<p>La delegaci\u00f3n arribar\u00e1 al pa\u00eds el 8 de mayo y permanecer\u00e1 hasta el 18 recorriendo varias provincias para informarse sobre condiciones de detenci\u00f3n, en particular de la dirigente de la agrupaci\u00f3n Tupac Amaru, Milagro Sala.<\/p>\n<p>&nbsp;<\/p>\n<p>La visita se llevar\u00e1 a cabo en base a una invitaci\u00f3n del gobierno argentino para lo cual se analizaron detalles durante la reuni\u00f3n mantenida ayer entre representantes del organismo y el secretario Avruj.<\/p>\n<p>&nbsp;<\/p>\n<p>Tras el encuentro Avruj, asegur\u00f3 que &#8220;la invitaci\u00f3n de Argentina fue mencionada con gran benepl\u00e1cito, y se avanz\u00f3 en aspectos organizativos que tienen que ver con la agenda que desarrollar\u00e1 la delegaci\u00f3n en Argentina&#8221;.<\/p>\n<p>&nbsp;<\/p>\n<p>Sala fue detenida el 16 de enero de 2016 bajo el cargo de &#8220;tumultos&#8221; e &#8220;instigaci\u00f3n a la violencia&#8221; por haber encabezado un acampe frente a la Casa de Gobierno de Jujuy desde los primeros d\u00edas de diciembre de 2015, cuando asumi\u00f3 el gobernador Gerardo Morales.<\/p>\n<p>&nbsp;<\/p>\n<p>El grupo de trabajo de la ONU calific\u00f3 de &#8220;arbitraria&#8221; la detenci\u00f3n de Sala.<\/p>\n","protected":false},"excerpt":{"rendered":"<p>Un grupo de la ONU viajar\u00e1 a la Argentina con la finalidad de recabar informaci\u00f3n sobre condiciones de detenci\u00f3n &nbsp; &nbsp; &nbsp; El grupo de trabajo sobre detenci\u00f3n arbitraria de la ONU confirm\u00f3 una visita al pa\u00eds para el mes pr\u00f3ximo tras mantener una reuni\u00f3n con el secretario de Derechos Humanos, Claudio Avruj, en Ginebra. &nbsp; La delegaci\u00f3n arribar\u00e1 al pa\u00eds el 8 de mayo y permanecer\u00e1 hasta el 18 recorriendo varias provincias para informarse sobre condiciones de detenci\u00f3n, en particular de la dirigente de la agrupaci\u00f3n Tupac Amaru, Milagro&#8230;<\/p>\n","protected":false},"author":3,"featured_media":10778,"comment_status":"closed","ping_status":"closed","sticky":false,"template":"","format":"standard","meta":[],"categories":[9],"tags":[],"_links":{"self":[{"href":"https:\/\/www.actualidadadiario.com\/index.php\/wp-json\/wp\/v2\/posts\/10777"}],"collection":[{"href":"https:\/\/www.actualidadadiario.com\/index.php\/wp-json\/wp\/v2\/posts"}],"about":[{"href":"https:\/\/www.actualidadadiario.com\/index.php\/wp-json\/wp\/v2\/types\/post"}],"author":[{"embeddable":true,"href":"https:\/\/www.actualidadadiario.com\/index.php\/wp-json\/wp\/v2\/users\/3"}],"replies":[{"embeddable":true,"href":"https:\/\/www.actualidadadiario.com\/index.php\/wp-json\/wp\/v2\/comments?post=10777"}],"version-history":[{"count":1,"href":"https:\/\/www.actualidadadiario.com\/index.php\/wp-json\/wp\/v2\/posts\/10777\/revisions"}],"predecessor-version":[{"id":10779,"href":"https:\/\/www.actualidadadiario.com\/index.php\/wp-json\/wp\/v2\/posts\/10777\/revisions\/10779"}],"wp:featuredmedia":[{"embeddable":true,"href":"https:\/\/www.actualidadadiario.com\/index.php\/wp-json\/wp\/v2\/media\/10778"}],"wp:attachment":[{"href":"https:\/\/www.actualidadadiario.com\/index.php\/wp-json\/wp\/v2\/media?parent=10777"}],"wp:term":[{"taxonomy":"category","embeddable":true,"href":"https:\/\/www.actualidadadiario.com\/index.php\/wp-json\/wp\/v2\/categories?post=10777"},{"taxonomy":"post_tag","embeddable":true,"href":"https:\/\/www.actualidadadiario.com\/index.php\/wp-json\/wp\/v2\/tags?post=10777"}],"curies":[{"name":"wp","href":"https:\/\/api.w.org\/{rel}","templated":true}]}}