{"id":107765,"date":"2023-09-11T14:52:37","date_gmt":"2023-09-11T17:52:37","guid":{"rendered":"https:\/\/www.actualidadadiario.com\/?p=107765"},"modified":"2023-09-11T14:52:37","modified_gmt":"2023-09-11T17:52:37","slug":"patricia-bullrich-insistio-con-terminar-con-el-kirchnerismo-para-siempre","status":"publish","type":"post","link":"https:\/\/www.actualidadadiario.com\/index.php\/2023\/09\/11\/patricia-bullrich-insistio-con-terminar-con-el-kirchnerismo-para-siempre\/","title":{"rendered":"Patricia Bullrich insisti\u00f3 con &#8220;terminar con el kirchnerismo para siempre&#8221;"},"content":{"rendered":"<p style=\"text-align: center;\"><em><strong>Patricia Bullrich llam\u00f3 a &#8220;destruir al kirchnerismo para que no vuelva m\u00e1s una ideolog\u00eda que ha generado un mal terrible en nuestro pa\u00eds&#8221;. Dirigentes del oficialismo salieron a cruzarla<\/strong><\/em><\/p>\n<p>&nbsp;<\/p>\n<p>&nbsp;<\/p>\n<p>La candidata presidencial de Juntos por el Cambio (JxC), Patricia Bullrich, celebr\u00f3 el triunfo de Maximiliano Pullaro en Santa Fe y sostuvo que &#8220;es ahora el momento para terminar con el kirchnerismo. Y para siempre&#8221;.<\/p>\n<p>A trav\u00e9s de su cuenta en la red social X, antes Twitter, Bullrich comparti\u00f3 parte de su discurso de este domingo, donde enfatiz\u00f3 que &#8220;el kirchnerismo ha significado la destrucci\u00f3n de nuestra producci\u00f3n, de nuestra cultura, de nuestra educaci\u00f3n y de la seguridad de la gente. La ola de Santa Fe nos da un nuevo impulso&#8221;.<\/p>\n<p>Adem\u00e1s, la candidata llam\u00f3 a &#8220;destruir al kirchnerismo para que no vuelva m\u00e1s una ideolog\u00eda que ha generado un mal terrible en nuestro pa\u00eds&#8221;, rumbo a las elecciones generales del pr\u00f3ximo 22 de octubre, y comparti\u00f3 una noticia titulada: &#8220;En solo 6 meses, el Gobierno transfiri\u00f3 discrecionalmente $9000 millones a la &#8216;caja chica&#8217; de los piqueteros K&#8221;.<\/p>\n<p>A su vez, la exministra de Seguridad apunt\u00f3 contra el narcotr\u00e1fico en Santa Fe y asegur\u00f3 que si es electa presidenta, &#8220;los narcos la van a pasar mal&#8221;.<\/p>\n<p>&nbsp;<\/p>\n<p><strong>La respuesta del oficialismo <\/strong><\/p>\n<p>El gobernador bonarense, Axel Kicillof, sali\u00f3 a cruzar a Patricia Bullrich por sus dichos y afirm\u00f3 que la exministra &#8220;no da pie con bola&#8221;.<\/p>\n<p>Kicillof tambi\u00e9n asegur\u00f3 que desde la oposici\u00f3n &#8220;intentaron acomodarse sin \u00e9xito a lo que ocurri\u00f3 en t\u00e9rminos electorales y volvieron a ver si se puede explotar la veta del odio, de la violencia\u201d.<\/p>\n<p>Asimismo,\u00a0 consider\u00f3 que &#8220;ahora es Melconian, que ante los tropezones de Bullrich, apareci\u00f3 sustituy\u00e9ndola como candidato de Juntos por el Cambio\u201d.<\/p>\n<p>Por otra parte, el diputado del Frente de Todos (FdT) Leopoldo Moreau repudi\u00f3 las declaraciones de Patricia Bullrich y los atribuy\u00f3 a la &#8220;pobreza conceptual, intelectual y pol\u00edtica de contenidos&#8221; que la est\u00e1n llevando a &#8220;quedar relegada&#8221; en la competencia electoral.<\/p>\n<p>En un mensaje publicado en su cuenta de X, antes Twitter, Moreau sostuvo que &#8220;destruir al kirchnerismo\u201d fue &#8220;la \u00fanica propuesta&#8221; hecha p\u00fablica por Bullrich.<\/p>\n<p>&#8220;Esto confirma que el dilema para salir de la crisis es s\u00f3lo entre dos alternativas: o la violencia que proponen el se\u00f1or lanzallamas (en referencia al candidato presidencial de La Libertad Avanza -LLA-, Javier Milei) y la se\u00f1ora dinamita (por Bullrich) o el camino de un Gobierno de unidad nacional que promueva el desarrollo productivo, cuide la democracia y asegure la paz social&#8221;, afirm\u00f3 Moreau en respaldo a la candidatura de Sergio Massa.<\/p>\n<p>El legislador afirm\u00f3 que el 22 de octubre pr\u00f3ximo se enfrentar\u00e1n &#8220;dos modelos de naci\u00f3n. Uno apoyado en la violencia institucional y pol\u00edtica, (o) el nuestro sostenido por la convivencia democr\u00e1tica. Vos eleg\u00eds&#8221;, mencion\u00f3.<\/p>\n","protected":false},"excerpt":{"rendered":"<p>Patricia Bullrich llam\u00f3 a &#8220;destruir al kirchnerismo para que no vuelva m\u00e1s una ideolog\u00eda que ha generado un mal terrible en nuestro pa\u00eds&#8221;. Dirigentes del oficialismo salieron a cruzarla &nbsp; &nbsp; La candidata presidencial de Juntos por el Cambio (JxC), Patricia Bullrich, celebr\u00f3 el triunfo de Maximiliano Pullaro en Santa Fe y sostuvo que &#8220;es ahora el momento para terminar con el kirchnerismo. Y para siempre&#8221;. A trav\u00e9s de su cuenta en la red social X, antes Twitter, Bullrich comparti\u00f3 parte de su discurso de este domingo, donde enfatiz\u00f3 que&#8230;<\/p>\n","protected":false},"author":3,"featured_media":107766,"comment_status":"closed","ping_status":"closed","sticky":false,"template":"","format":"standard","meta":[],"categories":[18],"tags":[],"_links":{"self":[{"href":"https:\/\/www.actualidadadiario.com\/index.php\/wp-json\/wp\/v2\/posts\/107765"}],"collection":[{"href":"https:\/\/www.actualidadadiario.com\/index.php\/wp-json\/wp\/v2\/posts"}],"about":[{"href":"https:\/\/www.actualidadadiario.com\/index.php\/wp-json\/wp\/v2\/types\/post"}],"author":[{"embeddable":true,"href":"https:\/\/www.actualidadadiario.com\/index.php\/wp-json\/wp\/v2\/users\/3"}],"replies":[{"embeddable":true,"href":"https:\/\/www.actualidadadiario.com\/index.php\/wp-json\/wp\/v2\/comments?post=107765"}],"version-history":[{"count":1,"href":"https:\/\/www.actualidadadiario.com\/index.php\/wp-json\/wp\/v2\/posts\/107765\/revisions"}],"predecessor-version":[{"id":107767,"href":"https:\/\/www.actualidadadiario.com\/index.php\/wp-json\/wp\/v2\/posts\/107765\/revisions\/107767"}],"wp:featuredmedia":[{"embeddable":true,"href":"https:\/\/www.actualidadadiario.com\/index.php\/wp-json\/wp\/v2\/media\/107766"}],"wp:attachment":[{"href":"https:\/\/www.actualidadadiario.com\/index.php\/wp-json\/wp\/v2\/media?parent=107765"}],"wp:term":[{"taxonomy":"category","embeddable":true,"href":"https:\/\/www.actualidadadiario.com\/index.php\/wp-json\/wp\/v2\/categories?post=107765"},{"taxonomy":"post_tag","embeddable":true,"href":"https:\/\/www.actualidadadiario.com\/index.php\/wp-json\/wp\/v2\/tags?post=107765"}],"curies":[{"name":"wp","href":"https:\/\/api.w.org\/{rel}","templated":true}]}}