{"id":107757,"date":"2023-09-11T14:50:05","date_gmt":"2023-09-11T17:50:05","guid":{"rendered":"https:\/\/www.actualidadadiario.com\/?p=107757"},"modified":"2023-09-11T14:50:05","modified_gmt":"2023-09-11T17:50:05","slug":"quien-es-maximiliano-pullaro-gobernador-electo-de-santa-fe","status":"publish","type":"post","link":"https:\/\/www.actualidadadiario.com\/index.php\/2023\/09\/11\/quien-es-maximiliano-pullaro-gobernador-electo-de-santa-fe\/","title":{"rendered":"Qui\u00e9n es Maximiliano Pullaro, gobernador electo de Santa Fe"},"content":{"rendered":"<p style=\"text-align: center;\"><em><strong>El dirigente de Evoluci\u00f3n, espacio liderado por Mart\u00edn Lousteau a nivel nacional, suceder\u00e1 al peronista Omar Perotti en la Casa Gris y ser\u00e1 el primer gobernador radical en esa provincia desde la vuelta de la democracia<\/strong><\/em><\/p>\n<p>&nbsp;<\/p>\n<p>&nbsp;<\/p>\n<p>Lleva d\u00e9cadas de militancia en el radicalismo y pas\u00f3 por distintos cargos en la funci\u00f3n p\u00fablica, pero en su casa no habla de pol\u00edtica y tampoco lo hace con sus amigos. No es el \u00fanico rasgo llamativo de quien desde el pr\u00f3ximo 11 de diciembre ser\u00e1 gobernador de Santa Fe: de joven, Maximiliano Pullaro boxeaba con Marcelo \u201cEl Loco\u201d Bielsa. \u201cCobr\u00e9 y pegu\u00e9, como buen boxeador. Era de ir al frente y me encantaba\u201d, recuerda. Gan\u00f3 como candidato de Juntos por el Cambio y ahora enfrenta el desaf\u00edo de gobernar una provincia que ya lo tuvo como ministro de Seguridad y no consigue frenar el avance del narcotr\u00e1fico.<\/p>\n<p>Pullaro se impuso con el 58% de los votos este domingo, casi el doble que su contrincante Marcelo Lewandowski (30%), representante del peronismo local y el gobierno de Omar Perotti. As\u00ed, a sus 48 a\u00f1os, ser\u00e1 el primer radical que desde el retorno a la democracia llega a la gobernaci\u00f3n de Santa Fe y el primer mandatario provincial de Evoluci\u00f3n, el espacio pol\u00edtico que cre\u00f3 Mart\u00edn Lousteau.<\/p>\n<p>\u201cSoy un hombre de profundo trabajo, una persona que va a dejar su vida durante estos cuatros a\u00f1os, junto a su equipo, para dejar una provincia mejor&#8221;, sostuvo en su festejo en el b\u00fanker de Rosario.<\/p>\n<p>&nbsp;<\/p>\n<p><strong>La trayectoria de Maximiliano Pullaro<\/strong><\/p>\n<p>Dirigente de Evoluci\u00f3n, dentro de la Uni\u00f3n C\u00edvica Radical (UCR), Pullaro tuvo sus or\u00edgenes pol\u00edticos en el radicalismo de Ra\u00fal Alfons\u00edn, con quien manten\u00eda una estrecha relaci\u00f3n. Aunque lleva d\u00e9cadas en la pol\u00edtica, en su casa \u201cde lo \u00fanico que no se habla es de pol\u00edtica y de gesti\u00f3n\u201d, al igual que con sus amigos, asegur\u00f3 el padre de dos hijos en una entrevista al medio local La Capital en 2017.<\/p>\n<p>Por fuera de su carrera, Pullaro tuvo otras pasiones. De joven, practic\u00f3 boxeo durante cuatro o cinco a\u00f1os, donde pele\u00f3 de forma amateur y tuvo como compa\u00f1ero al exfutbolista y entrenador Marcelo \u201cEl Loco\u201d Bielsa. \u201cCobr\u00e9 y pegu\u00e9, como buen boxeador. Era de ir al frente y me encantaba\u201d, record\u00f3 en di\u00e1logo con la prensa local. Hace algunos a\u00f1os, trascendieron algunas fotos suyas con el excampe\u00f3n mundial argentino Juan Mart\u00edn \u201cL\u00e1tigo\u201d Coggi.<\/p>\n<p>Naci\u00f3 en 1974, en Hughes, un peque\u00f1o pueblo del sur de Santa Fe, donde vot\u00f3 este domingo. \u201cSi vieran las actuaciones que hice en este escenario. Hice de San Mart\u00edn\u201d, cont\u00f3 emocionado en su escuela primaria. Despu\u00e9s de su adolescencia, el gobernador electo se mud\u00f3 a Rosario, donde estudi\u00f3 y se recibi\u00f3 en la carrera de Ciencias Pol\u00edticas en la UNR. Despu\u00e9s, puso una red de cadeter\u00eda y, m\u00e1s adelante, una imprenta familiar, que contin\u00faa en funcionamiento.<\/p>\n<p>Gran parte de su trayectoria pol\u00edtica fue en el Frente Progresista, una alianza que integraban el radicalismo santafesino y el Partido Socialista, y que gobern\u00f3 entre 2007 y 2019. En 2003 fue contratado como asesor legislativo en la C\u00e1mara de Diputados de la Naci\u00f3n. Entre 2007 y 2011 fue secretario del bloque en la C\u00e1mara baja provincial.<\/p>\n<p>Reci\u00e9n ese a\u00f1o, Pullaro obtuvo su primer cargo electivo, como diputado provincial hasta 2015, a\u00f1o en el que fue convocado por el gobernador Lifschitz para ocupar el cargo de ministro de Seguridad de Santa Fe.<\/p>\n<p>En 2019, con el fin de la era Lifschitz \u2013fallecido dos a\u00f1os despu\u00e9s\u2013 y en los albores de la gesti\u00f3n Perotti, Pullaro se sum\u00f3 a JxC de la mano de Lousteau. En 2021 particip\u00f3 bajo las PASO legislativas bajo ese sello, aunque perdi\u00f3 por poco ante la exconductora de TV Carolina Losada. Pero, como la pol\u00edtica siempre da revancha, en las PASO 2023 Pullaro se impuso a la actual senadora nacional y este domingo le puso su nombre a la titularidad ejecutiva de la Casa Gris.<\/p>\n","protected":false},"excerpt":{"rendered":"<p>El dirigente de Evoluci\u00f3n, espacio liderado por Mart\u00edn Lousteau a nivel nacional, suceder\u00e1 al peronista Omar Perotti en la Casa Gris y ser\u00e1 el primer gobernador radical en esa provincia desde la vuelta de la democracia &nbsp; &nbsp; Lleva d\u00e9cadas de militancia en el radicalismo y pas\u00f3 por distintos cargos en la funci\u00f3n p\u00fablica, pero en su casa no habla de pol\u00edtica y tampoco lo hace con sus amigos. No es el \u00fanico rasgo llamativo de quien desde el pr\u00f3ximo 11 de diciembre ser\u00e1 gobernador de Santa Fe: de joven,&#8230;<\/p>\n","protected":false},"author":3,"featured_media":107758,"comment_status":"closed","ping_status":"closed","sticky":false,"template":"","format":"standard","meta":[],"categories":[18],"tags":[],"_links":{"self":[{"href":"https:\/\/www.actualidadadiario.com\/index.php\/wp-json\/wp\/v2\/posts\/107757"}],"collection":[{"href":"https:\/\/www.actualidadadiario.com\/index.php\/wp-json\/wp\/v2\/posts"}],"about":[{"href":"https:\/\/www.actualidadadiario.com\/index.php\/wp-json\/wp\/v2\/types\/post"}],"author":[{"embeddable":true,"href":"https:\/\/www.actualidadadiario.com\/index.php\/wp-json\/wp\/v2\/users\/3"}],"replies":[{"embeddable":true,"href":"https:\/\/www.actualidadadiario.com\/index.php\/wp-json\/wp\/v2\/comments?post=107757"}],"version-history":[{"count":1,"href":"https:\/\/www.actualidadadiario.com\/index.php\/wp-json\/wp\/v2\/posts\/107757\/revisions"}],"predecessor-version":[{"id":107759,"href":"https:\/\/www.actualidadadiario.com\/index.php\/wp-json\/wp\/v2\/posts\/107757\/revisions\/107759"}],"wp:featuredmedia":[{"embeddable":true,"href":"https:\/\/www.actualidadadiario.com\/index.php\/wp-json\/wp\/v2\/media\/107758"}],"wp:attachment":[{"href":"https:\/\/www.actualidadadiario.com\/index.php\/wp-json\/wp\/v2\/media?parent=107757"}],"wp:term":[{"taxonomy":"category","embeddable":true,"href":"https:\/\/www.actualidadadiario.com\/index.php\/wp-json\/wp\/v2\/categories?post=107757"},{"taxonomy":"post_tag","embeddable":true,"href":"https:\/\/www.actualidadadiario.com\/index.php\/wp-json\/wp\/v2\/tags?post=107757"}],"curies":[{"name":"wp","href":"https:\/\/api.w.org\/{rel}","templated":true}]}}