{"id":107752,"date":"2023-09-11T12:48:45","date_gmt":"2023-09-11T15:48:45","guid":{"rendered":"https:\/\/www.actualidadadiario.com\/?p=107752"},"modified":"2023-09-11T12:48:45","modified_gmt":"2023-09-11T15:48:45","slug":"la-gran-mayoria-de-los-trabajadores-dejarian-de-pagar-ganancias","status":"publish","type":"post","link":"https:\/\/www.actualidadadiario.com\/index.php\/2023\/09\/11\/la-gran-mayoria-de-los-trabajadores-dejarian-de-pagar-ganancias\/","title":{"rendered":"La gran mayor\u00eda de los trabajadores dejar\u00edan de pagar ganancias"},"content":{"rendered":"<p style=\"text-align: center;\"><em><strong>Sergio Massa se juntar\u00e1 con representantes de la CGT, CTA y autoridades de Diputados para elevar el monto m\u00ednimo no imponible sensiblemente por encima de la cifra que rige en la actualidad, lo que determinar\u00eda que la gran mayor\u00eda de los trabajadores que est\u00e1n comprendidos ahora en el tributo dejar\u00edan de abonarlo<\/strong><\/em><\/p>\n<p>&nbsp;<\/p>\n<p>&nbsp;<\/p>\n<p>El ministro de Econom\u00eda y candidato presidencial de Uni\u00f3n por la Patria (UxP), Sergio Massa, recibir\u00e1 este lunes a los principales dirigentes de la Confederaci\u00f3n General del Trabajo (CGT) y de la CTA y a autoridades de la C\u00e1mara de Diputados para avanzar con el tema del Impuesto a las Ganancias de manera que la mayor cantidad posible de trabajadores quede afuera del pago de este tributo.<\/p>\n<p>Del encuentro, que se llevar\u00e1 a cabo a partir de las 17 en el quinto piso del Palacio de Hacienda, tambi\u00e9n participar\u00e1n la ministra de Trabajo, Raquel &#8220;Kelly&#8221; Olmos, junto a dirigentes sindicales como H\u00e9ctor Daer, Hugo Moyano, Carlos Acu\u00f1a, Sergio Palazzo, Guillermo Moser y Hugo Yasky, entre otros.<\/p>\n<p>De cara a la reuni\u00f3n de este lunes, la CGT sali\u00f3 formalmente a convocar a los trabajadores a movilizarse frente al Palacio de Hacienda.<\/p>\n<p>En igual sentido se pronunciaron los gremios que integran la Confederaci\u00f3n Argentina de Trabajadores del Transporte (CATT), la Asociaci\u00f3n Bancaria y la Central de los Trabajadores de la Argentina (CTA), entre otros.<\/p>\n<p>El viernes pasado, antes de realizar la convocatoria a las entidades gremiales y a las autoridades de la C\u00e1mara baja, Massa mantuvo un encuentro con el secretario de Hacienda, Ra\u00fal Rigo, y con el titular de la Aduana, Guillermo Michel, para avanzar en detalles de la iniciativa.<\/p>\n<p>En ese marco, Massa le pidi\u00f3 a Michel que la medida &#8220;beneficie a la mayor cantidad de trabajadores posible&#8221;, se\u00f1alaron fuentes oficiales.<\/p>\n<p>Si m\u00e1s precisiones, lo que deslizan desde el Ministerio de Econom\u00eda pasa por la decisi\u00f3n de elevar el monto m\u00ednimo no imponible sensiblemente por encima de la cifra que rige en la actualidad, lo que determinar\u00eda que la gran mayor\u00eda de los trabajadores que est\u00e1n comprendidos ahora en el tributo dejar\u00edan de abonarlo.<\/p>\n<p>Esta idea es plenamente realizable debido a que esa modificaci\u00f3n se puede realizar a trav\u00e9s de un Decreto de Necesidad y Urgencia (DNU).<\/p>\n<p>Un dato que destacan en Econom\u00eda es que lo que tiene en mente Massa incluye adem\u00e1s el env\u00edo de un proyecto para que el esquema fijado por DNU contemple una compensaci\u00f3n fiscal a trav\u00e9s de una ley votada por el Congreso.<\/p>\n<p>Tras la \u00faltima modificaci\u00f3n de las escalas y del m\u00ednimo no imponible en la actualidad, tributan Ganancias alrededor de 1,9 millones de trabajadores.<\/p>\n<p>El mi\u00e9rcoles pasado, en una entrevista en C5N, el ministro y candidato presidencial del oficialiamo dijo que eliminar\u00e1 el impuesto a las Ganancias para los trabajadores en caso de llegar a la Presidencia, &#8220;o tal vez antes&#8221;.<\/p>\n<p>&#8220;Un laburante, por ahora, paga impuesto a las Ganancias, y digo por ahora, porque si soy presidente, los trabajadores no van a pagar impuesto a las Ganancias, y yo no soy como (Mauricio) Macri porque lo vengo bajando, arrancamos con 2,4 puntos y lo plante\u00e9 en el Congreso, y dentro de poquito voy a mandar una ley con el tema de Ganancias&#8221;, se\u00f1al\u00f3 Massa en esa oportunidad.<\/p>\n<p>&nbsp;<\/p>\n<p><strong>Olmos anticip\u00f3 que Massa se propone &#8220;otro salto adicional&#8221; en el impuesto a las Ganancias<\/strong><\/p>\n<p>La ministra de Trabajo, Raquel &#8216;Kelly&#8217; Olmos, destac\u00f3 este domingo que la propuesta del ministro de Econom\u00eda, Sergio Massa, de derogar el impuesto a las Ganancias &#8220;es consistente con lo que viene predicando&#8221; el candidato presidencial de Uni\u00f3n por la Patria (UxP) &#8220;hace muchos a\u00f1os&#8221;, y anticip\u00f3 que el funcionario se propone ahora &#8220;otro salto adicional&#8221; sobre ese gravamen que ser\u00e1 anunciado ma\u00f1ana.<\/p>\n<p>&#8220;Se propone ahora otro salto adicional. Nos convoc\u00f3 a las 17, y nosotros como ministerio convocamos a los gremios para el anuncio que tiene preparado&#8221;, se\u00f1al\u00f3 la titular de la cartera laboral en di\u00e1logo con Radio 10.<\/p>\n<p>Massa reunir\u00e1 ma\u00f1ana a las 17 en el Palacio de Hacienda a los dirigentes de la CGT, la CTA y las autoridades de la C\u00e1mara de Diputados, para tratar nuevas modificaciones en el impuesto a las Ganancias.<\/p>\n<p>Al encuentro fueron invitados los sindicalistas H\u00e9ctor Daer, Hugo Moyano, Carlos Acu\u00f1a y Sergio Palazzo, de la CGT; Hugo Yasky, de la CTA, y gremios que representan a petroleros y aeronavegantes, entre otros.<\/p>\n<p>Los gremios eval\u00faan llevar adelante una movilizaci\u00f3n hasta el Palacio de Hacienda ante la posibilidad de un inminente anuncio.<\/p>\n<p>&#8220;La necesidad de eliminar el impuesto a las Ganancias para los trabajadores es una consigna que hay que reconocerle a Sergio, que es consistente con lo que viene predicando hace muchos a\u00f1os. Cuando tiene la oportunidad avanza en ese sentido&#8221;, ponder\u00f3 Olmos esta ma\u00f1ana.<\/p>\n<p>Tambi\u00e9n valor\u00f3 que &#8220;el m\u00ednimo no imponible se ha elevado sistem\u00e1ticamente&#8221; en la gesti\u00f3n de Massa en el Ministerio de Econom\u00eda y record\u00f3 que el piso de Ganancias &#8220;hoy est\u00e1 en m\u00e1s de 800 mil pesos&#8221;.<\/p>\n<p>&#8220;Adem\u00e1s Sergio, como legislador, ha ido incluyendo condiciones relativas a exenciones que nosotros, desde el Ministerio de Trabajo, con el de Econom\u00eda, los gremios y las c\u00e1maras empresariales, hemos ido revisando&#8221;, dijo y remarc\u00f3 que esa tarea &#8220;ha mejorado much\u00edsimo la situaci\u00f3n de casi 40 convenios colectivos de trabajo&#8221;.<\/p>\n<p>Por otro lado, Olmos remarc\u00f3 la &#8220;solidez interna&#8221; que genera en el peronismo el &#8220;liderazgo&#8221; de Massa como candidato presidencial de UxP.<\/p>\n<p>Sobre el acto de ayer en Tucum\u00e1n, la ministra destac\u00f3 que se trat\u00f3 de un encuentro &#8220;extremadamente emotivo&#8221; y &#8220;con una \u00e9pica muy del peronismo&#8221;.<\/p>\n<p>Adem\u00e1s, valor\u00f3 que entre las actividades hubo reuniones con gobernadores del Norte Grande y representantes de 10 uniones industriales de esa regi\u00f3n, y critic\u00f3 que esas provincias &#8220;en distintos gobiernos neoliberales&#8221; se hayan &#8220;identificado como inviables&#8221;.<\/p>\n<p>Para Olmos, la actividad en Tucum\u00e1n &#8220;demostr\u00f3 el grado de unidad&#8221; del peronismo y de &#8220;solidez interna en torno al liderazgo&#8221; del candidato presidencial.<\/p>\n","protected":false},"excerpt":{"rendered":"<p>Sergio Massa se juntar\u00e1 con representantes de la CGT, CTA y autoridades de Diputados para elevar el monto m\u00ednimo no imponible sensiblemente por encima de la cifra que rige en la actualidad, lo que determinar\u00eda que la gran mayor\u00eda de los trabajadores que est\u00e1n comprendidos ahora en el tributo dejar\u00edan de abonarlo &nbsp; &nbsp; El ministro de Econom\u00eda y candidato presidencial de Uni\u00f3n por la Patria (UxP), Sergio Massa, recibir\u00e1 este lunes a los principales dirigentes de la Confederaci\u00f3n General del Trabajo (CGT) y de la CTA y a autoridades&#8230;<\/p>\n","protected":false},"author":3,"featured_media":107753,"comment_status":"closed","ping_status":"closed","sticky":false,"template":"","format":"standard","meta":[],"categories":[9],"tags":[],"_links":{"self":[{"href":"https:\/\/www.actualidadadiario.com\/index.php\/wp-json\/wp\/v2\/posts\/107752"}],"collection":[{"href":"https:\/\/www.actualidadadiario.com\/index.php\/wp-json\/wp\/v2\/posts"}],"about":[{"href":"https:\/\/www.actualidadadiario.com\/index.php\/wp-json\/wp\/v2\/types\/post"}],"author":[{"embeddable":true,"href":"https:\/\/www.actualidadadiario.com\/index.php\/wp-json\/wp\/v2\/users\/3"}],"replies":[{"embeddable":true,"href":"https:\/\/www.actualidadadiario.com\/index.php\/wp-json\/wp\/v2\/comments?post=107752"}],"version-history":[{"count":1,"href":"https:\/\/www.actualidadadiario.com\/index.php\/wp-json\/wp\/v2\/posts\/107752\/revisions"}],"predecessor-version":[{"id":107754,"href":"https:\/\/www.actualidadadiario.com\/index.php\/wp-json\/wp\/v2\/posts\/107752\/revisions\/107754"}],"wp:featuredmedia":[{"embeddable":true,"href":"https:\/\/www.actualidadadiario.com\/index.php\/wp-json\/wp\/v2\/media\/107753"}],"wp:attachment":[{"href":"https:\/\/www.actualidadadiario.com\/index.php\/wp-json\/wp\/v2\/media?parent=107752"}],"wp:term":[{"taxonomy":"category","embeddable":true,"href":"https:\/\/www.actualidadadiario.com\/index.php\/wp-json\/wp\/v2\/categories?post=107752"},{"taxonomy":"post_tag","embeddable":true,"href":"https:\/\/www.actualidadadiario.com\/index.php\/wp-json\/wp\/v2\/tags?post=107752"}],"curies":[{"name":"wp","href":"https:\/\/api.w.org\/{rel}","templated":true}]}}