{"id":107747,"date":"2023-09-11T12:42:19","date_gmt":"2023-09-11T15:42:19","guid":{"rendered":"https:\/\/www.actualidadadiario.com\/?p=107747"},"modified":"2023-09-11T12:42:19","modified_gmt":"2023-09-11T15:42:19","slug":"cuando-es-el-proximo-feriado-en-argentina","status":"publish","type":"post","link":"https:\/\/www.actualidadadiario.com\/index.php\/2023\/09\/11\/cuando-es-el-proximo-feriado-en-argentina\/","title":{"rendered":"Cu\u00e1ndo es el pr\u00f3ximo feriado en Argentina"},"content":{"rendered":"<p style=\"text-align: center;\"><em><strong>Quedan algunos feriados por cumplir antes de que concluya el 2023 y el pr\u00f3ximo ser\u00e1 en octubre. Conoc\u00e9 la fecha y el motivo<\/strong><\/em><\/p>\n<p>&nbsp;<\/p>\n<p>&nbsp;<\/p>\n<p>El pr\u00f3ximo feriado en Argentina ser\u00e1 el 12 de octubre, en el cual se conmemora el D\u00eda del Respeto a la Diversidad Cultural. En esta fecha se conmemora el an\u00e1lisis, la reflexi\u00f3n hist\u00f3rica, el di\u00e1logo intercultural, el reconocimiento y el respeto por los pueblos originarios que se encuentran en el territorio de lo que hoy es la Naci\u00f3n Argentina.<\/p>\n<p>Este d\u00eda fue estipulado como feriado nacional trasladable por el Gobierno. Al caer jueves, la fecha fue trasladada al lunes 16, y adem\u00e1s se suma un feriado puente para el viernes 13, por lo que podremos disfrutar de un nuevo fin de semana largo de cuatro d\u00edas. Ser\u00e1 del viernes 13 al lunes 16 de octubre.<\/p>\n<p>&nbsp;<\/p>\n<p><strong>Feriado del 12 de octubre: \u00bfpor qu\u00e9 se cambi\u00f3 el nombre &#8220;D\u00eda de la Raza&#8221;?<\/strong><\/p>\n<p>En 2010, se modific\u00f3 la denominaci\u00f3n del feriado del 12 de octubre \u201cdotando a dicha fecha, de un significado acorde al valor que asigna nuestra Constituci\u00f3n Nacional y diversos tratados y declaraciones de derechos humanos a la diversidad \u00e9tnica y cultural de todos los pueblos\u201d, dejando atr\u00e1s el \u201cD\u00eda de la Raza\u201d que conmemoraba \u201cla conquista\u201d de Am\u00e9rica y enfatizaba el predominio de la cultura europea.<\/p>\n<p>De esa forma, se establece un cambio de paradigma y se da espacio al reconocimiento de una identidad m\u00faltiple y una valoraci\u00f3n de la inmensa cantidad de culturas originarias que conviven hace siglos en estos territorios.<\/p>\n<p>&nbsp;<\/p>\n<p><strong>Feriados del 2023: \u00bfCu\u00e1les faltan?<\/strong><\/p>\n<p><strong>Feriados inamovibles<\/strong><\/p>\n<ul>\n<li><strong>20 de noviembre<\/strong> (D\u00eda de la Soberan\u00eda Nacional).<\/li>\n<li><strong>8 de diciembre<\/strong> (D\u00eda de la Inmaculada Concepci\u00f3n de Mar\u00eda).<\/li>\n<li><strong>25 de diciembre<\/strong> (Navidad).<\/li>\n<\/ul>\n<p>&nbsp;<\/p>\n<p><strong>Feriados trasladables<\/strong><\/p>\n<ul>\n<li><strong>12 de octubre<\/strong> (D\u00eda del Respeto a la Diversidad Cultural) se celebrar\u00e1 el lunes 16 de octubre.<\/li>\n<\/ul>\n<p>&nbsp;<\/p>\n<p><strong>Feriado con fines tur\u00edsticos<\/strong><\/p>\n<ul>\n<li><strong>Viernes 13 de octubre<\/strong> (fin de semana largo, de cuatro d\u00edas, por traslado del jueves 12 de octubre -D\u00eda del Respeto a la Diversidad Cultural- al lunes 16 de octubre).<\/li>\n<\/ul>\n","protected":false},"excerpt":{"rendered":"<p>Quedan algunos feriados por cumplir antes de que concluya el 2023 y el pr\u00f3ximo ser\u00e1 en octubre. Conoc\u00e9 la fecha y el motivo &nbsp; &nbsp; El pr\u00f3ximo feriado en Argentina ser\u00e1 el 12 de octubre, en el cual se conmemora el D\u00eda del Respeto a la Diversidad Cultural. En esta fecha se conmemora el an\u00e1lisis, la reflexi\u00f3n hist\u00f3rica, el di\u00e1logo intercultural, el reconocimiento y el respeto por los pueblos originarios que se encuentran en el territorio de lo que hoy es la Naci\u00f3n Argentina. Este d\u00eda fue estipulado como feriado&#8230;<\/p>\n","protected":false},"author":3,"featured_media":107748,"comment_status":"closed","ping_status":"closed","sticky":false,"template":"","format":"standard","meta":[],"categories":[2],"tags":[],"_links":{"self":[{"href":"https:\/\/www.actualidadadiario.com\/index.php\/wp-json\/wp\/v2\/posts\/107747"}],"collection":[{"href":"https:\/\/www.actualidadadiario.com\/index.php\/wp-json\/wp\/v2\/posts"}],"about":[{"href":"https:\/\/www.actualidadadiario.com\/index.php\/wp-json\/wp\/v2\/types\/post"}],"author":[{"embeddable":true,"href":"https:\/\/www.actualidadadiario.com\/index.php\/wp-json\/wp\/v2\/users\/3"}],"replies":[{"embeddable":true,"href":"https:\/\/www.actualidadadiario.com\/index.php\/wp-json\/wp\/v2\/comments?post=107747"}],"version-history":[{"count":1,"href":"https:\/\/www.actualidadadiario.com\/index.php\/wp-json\/wp\/v2\/posts\/107747\/revisions"}],"predecessor-version":[{"id":107749,"href":"https:\/\/www.actualidadadiario.com\/index.php\/wp-json\/wp\/v2\/posts\/107747\/revisions\/107749"}],"wp:featuredmedia":[{"embeddable":true,"href":"https:\/\/www.actualidadadiario.com\/index.php\/wp-json\/wp\/v2\/media\/107748"}],"wp:attachment":[{"href":"https:\/\/www.actualidadadiario.com\/index.php\/wp-json\/wp\/v2\/media?parent=107747"}],"wp:term":[{"taxonomy":"category","embeddable":true,"href":"https:\/\/www.actualidadadiario.com\/index.php\/wp-json\/wp\/v2\/categories?post=107747"},{"taxonomy":"post_tag","embeddable":true,"href":"https:\/\/www.actualidadadiario.com\/index.php\/wp-json\/wp\/v2\/tags?post=107747"}],"curies":[{"name":"wp","href":"https:\/\/api.w.org\/{rel}","templated":true}]}}