{"id":107745,"date":"2023-09-11T12:41:25","date_gmt":"2023-09-11T15:41:25","guid":{"rendered":"https:\/\/www.actualidadadiario.com\/?p=107745"},"modified":"2023-09-11T12:41:25","modified_gmt":"2023-09-11T15:41:25","slug":"inflacion-se-conoce-esta-semana-el-dato-de-agosto-que-saltaria-a-dos-digitos","status":"publish","type":"post","link":"https:\/\/www.actualidadadiario.com\/index.php\/2023\/09\/11\/inflacion-se-conoce-esta-semana-el-dato-de-agosto-que-saltaria-a-dos-digitos\/","title":{"rendered":"Inflaci\u00f3n: se conoce esta semana el dato de agosto, que saltar\u00eda a dos d\u00edgitos"},"content":{"rendered":"<p style=\"text-align: center;\"><em><strong>Las consultoras se\u00f1alan que la inflaci\u00f3n se aceler\u00f3 luego de las PASO, por lo que el registro mensual rondar\u00eda el 11% y dejar\u00eda un piso elevado para septiembre<\/strong><\/em><\/p>\n<p>&nbsp;<\/p>\n<p>&nbsp;<\/p>\n<p>Este mi\u00e9rcoles, el INDEC dar\u00e1 a conocer el dato de inflaci\u00f3n de agosto, un mes marcado por la devaluaci\u00f3n del tipo de cambio oficial luego de las PASO y la volatilidad en los d\u00f3lares alternativos. As\u00ed es que distintas consultoras ya adelantaron que se espera una variaci\u00f3n de dos d\u00edgitos en el IPC del mes pasado. Lo que, adem\u00e1s, dejar\u00e1 un \u201cpiso elevado\u201d para septiembre.<\/p>\n<p>De hecho, de concretarse los pron\u00f3sticos privados, la inflaci\u00f3n mensual de agosto ser\u00eda la m\u00e1s alta desde 1991: las estimaciones de los distintos relevamientos rondan el 11%, aunque algunos sondeos ubican el dato por encima del 12%.<\/p>\n<p>En ese escenario, desde la consultora LCG analizaron: \u201cSobre una nominalidad que navegaba un piso del 6,5%-7% de inflaci\u00f3n mensual, se mont\u00f3 la devaluaci\u00f3n del 22% dispuesta por el BCRA. A pesar de esto, las brechas cambiarias no lograron comprimir, sino que incluso se profundizaron en lo inmediato, empujando tambi\u00e9n el alza de los tipos de cambio paralelos\u201d.<\/p>\n<p>As\u00ed es que el relevamiento de precios de alimentos que realiza la firma marc\u00f3 una inflaci\u00f3n mensual del 10%. \u201cAsimismo, agosto contaba con aumentos de precios regulados como ser combustibles, colectivos, colegios, comunicaciones, entre otros, los cuales aportar\u00edan unos 2 p.p. al \u00edndice general. En base a esto, y asumiendo casi un 50% de passthrough en un contexto de alta indexaci\u00f3n, estimamos que agosto marque una inflaci\u00f3n en torno al 12% mensual (123% anual)\u201d, detallaron.<\/p>\n<p>Por su parte, el relevamiento de precios minoristas de Eco Go registr\u00f3 una \u201cfuerte aceleraci\u00f3n tras la PASO\u201d, para cerrar el mes con un alza de 11,5%, seg\u00fan se\u00f1alaron desde la firma. \u201cEn agosto los precios de los alimentos y bebidas registraron una suba del 12,7%, lo que representa una fuerte aceleraci\u00f3n luego del 7,3% captado por nuestro relevamiento en julio. Los mayores incrementos se dieron luego de las PASO y la devaluaci\u00f3n en la tercera y cuarta semana del mes con aumentos del 4,8% y 5,8% semanal, registros r\u00e9cord en la serie (en los \u00faltimos seis meses, los aumentos fueron del 1,7% semanal en promedio)\u201d, analizaron.<\/p>\n<p>El IPC que mide la Fundaci\u00f3n Libertad y Progreso registr\u00f3 en agosto un alza de 10,7% mensual (en julio la firma hab\u00eda medido 6,6%, frente al 6,3% que difundi\u00f3 INDEC). \u201cEste resultado marca la suba mensual m\u00e1s alta desde marzo de 1991, incluso superando el registro de abril del a\u00f1o 2002, en medio de la salida de la Convertibilidad. Por su parte, la variaci\u00f3n interanual ascendi\u00f3 a 120,8%. Hay que ir hasta septiembre de 1991 para encontrar un registro de esa magnitud\u201d, explicaron desde la firma. El rubro \u201cAlimentos y bebidas no alcoh\u00f3licas\u201d present\u00f3 una suba de 9,9%, con una incidencia de 2,3 p.p. en el \u00edndice.<\/p>\n<p>Por su parte, el relevamiento de C&amp;T registr\u00f3 una inflaci\u00f3n de 11% para la regi\u00f3n del GBA (hab\u00eda sido del 6,3% en julio, mismo dato que el INDEC). \u201cAs\u00ed, la variaci\u00f3n mensual super\u00f3 el pico previo de 10,4% en abril de 2002, inmediatamente luego de la salida de la Convertibilidad, e igual\u00f3 la de marzo de 1991, el mes previo al arranque de dicho programa. Debe notarse que agosto es un mes favorable desde el punto de vista estacional, ya que la inflaci\u00f3n suele moderarse luego del pico que tiene en julio por el turismo\u201d, explicaron desde la firma.<\/p>\n<p>En tanto, para Ecolatina la inflaci\u00f3n de agosto en el GBA fue del 11,2%, mientras que para Orlando Ferreres se ubic\u00f3 en el 12,2%.<\/p>\n<p>&nbsp;<\/p>\n<p><strong>Un piso elevado para septiembre<\/strong><\/p>\n<p>Seg\u00fan escribi\u00f3 Daniel Artana en la publicaci\u00f3n \u201cIndicadores de Coyuntura\u201d de la Fundaci\u00f3n FIEL, \u201cla estimaci\u00f3n de precios que hace FIEL para la Ciudad de Buenos Aires sugiere que la inflaci\u00f3n del mes de agosto ser\u00e1 entre 12% y 13%, y como el IPC se mide para el promedio del mes, es probable que en septiembre se repita un guarismo similar por el efecto arrastre de la segunda quincena de un mes sobre el promedio del mes siguiente\u201d.<\/p>\n<p>\u201cEl aumento registrado en el IPC durante agosto genera un efecto arrastre superior a los 4 puntos para el \u00edndice de septiembre. Asumiendo que no hay otros shocks como en agosto, la din\u00e1mica de inflaci\u00f3n subyacente ya nos acerca a los dos d\u00edgitos. Aunque los congelamientos de precios que dispuso el gobierno, que incluyen a combustibles y transporte entre otros, ayudar\u00e1n a moderar transitoriamente el \u00edndice. Pero a expensas de seguir acumulando inflaci\u00f3n reprimida\u201d, se\u00f1al\u00f3 por su parte Eugenio Mar\u00ed, Economista Jefe de Libertad y Progreso.<\/p>\n<p>\u201cPara septiembre esperamos un segundo mes con inflaci\u00f3n mensual de dos d\u00edgitos. El arrastre de la segunda quincena resultante del shock que signific\u00f3 el sorpresivo resultado de las PASO, junto con un elevado pass-through del reciente salto discreto del tipo de cambio oficial y la agudizaci\u00f3n de la incertidumbre que trajo aparejada este cambio de escenario implicar\u00e1n que la din\u00e1mica de aumentos de precios se mantenga elevada e inestable\u201d, detallaron por su parte desde Ecolatina.<\/p>\n","protected":false},"excerpt":{"rendered":"<p>Las consultoras se\u00f1alan que la inflaci\u00f3n se aceler\u00f3 luego de las PASO, por lo que el registro mensual rondar\u00eda el 11% y dejar\u00eda un piso elevado para septiembre &nbsp; &nbsp; Este mi\u00e9rcoles, el INDEC dar\u00e1 a conocer el dato de inflaci\u00f3n de agosto, un mes marcado por la devaluaci\u00f3n del tipo de cambio oficial luego de las PASO y la volatilidad en los d\u00f3lares alternativos. As\u00ed es que distintas consultoras ya adelantaron que se espera una variaci\u00f3n de dos d\u00edgitos en el IPC del mes pasado. Lo que, adem\u00e1s, dejar\u00e1&#8230;<\/p>\n","protected":false},"author":3,"featured_media":94813,"comment_status":"closed","ping_status":"closed","sticky":false,"template":"","format":"standard","meta":[],"categories":[2],"tags":[],"_links":{"self":[{"href":"https:\/\/www.actualidadadiario.com\/index.php\/wp-json\/wp\/v2\/posts\/107745"}],"collection":[{"href":"https:\/\/www.actualidadadiario.com\/index.php\/wp-json\/wp\/v2\/posts"}],"about":[{"href":"https:\/\/www.actualidadadiario.com\/index.php\/wp-json\/wp\/v2\/types\/post"}],"author":[{"embeddable":true,"href":"https:\/\/www.actualidadadiario.com\/index.php\/wp-json\/wp\/v2\/users\/3"}],"replies":[{"embeddable":true,"href":"https:\/\/www.actualidadadiario.com\/index.php\/wp-json\/wp\/v2\/comments?post=107745"}],"version-history":[{"count":1,"href":"https:\/\/www.actualidadadiario.com\/index.php\/wp-json\/wp\/v2\/posts\/107745\/revisions"}],"predecessor-version":[{"id":107746,"href":"https:\/\/www.actualidadadiario.com\/index.php\/wp-json\/wp\/v2\/posts\/107745\/revisions\/107746"}],"wp:featuredmedia":[{"embeddable":true,"href":"https:\/\/www.actualidadadiario.com\/index.php\/wp-json\/wp\/v2\/media\/94813"}],"wp:attachment":[{"href":"https:\/\/www.actualidadadiario.com\/index.php\/wp-json\/wp\/v2\/media?parent=107745"}],"wp:term":[{"taxonomy":"category","embeddable":true,"href":"https:\/\/www.actualidadadiario.com\/index.php\/wp-json\/wp\/v2\/categories?post=107745"},{"taxonomy":"post_tag","embeddable":true,"href":"https:\/\/www.actualidadadiario.com\/index.php\/wp-json\/wp\/v2\/tags?post=107745"}],"curies":[{"name":"wp","href":"https:\/\/api.w.org\/{rel}","templated":true}]}}